{"id":11711529,"date":"2020-12-10T13:00:00","date_gmt":"2020-12-10T17:00:00","guid":{"rendered":"http:\/\/www.corumbaonline.com.br\/news\/?p=11711529"},"modified":"2021-01-20T11:25:41","modified_gmt":"2021-01-20T15:25:41","slug":"ladario-abre-2-edital-para-executar-lei-aldir-blanc","status":"publish","type":"post","link":"https:\/\/www.corumbaonline.com.br\/news\/ladario-abre-2-edital-para-executar-lei-aldir-blanc\/","title":{"rendered":"Lad\u00e1rio abre 2\u00b0 edital para executar lei Aldir Blanc"},"content":{"rendered":"<p>A Funda\u00e7\u00e3o Municipal de Cultura de Lad\u00e1rio, abriu nesta quinta-feira (10) o edital N\u00b0 049\/2020 qual recebe inscri\u00e7\u00e3o aos interessados em concorrer aos benef\u00edcios da Lei Aldir Blanc.<\/p>\n<p>Nesta fase ser\u00e3o contemplados os projetos e eventos culturais, grupos e coletivos culturais, espa\u00e7os culturais, inova\u00e7\u00e3o, apresenta\u00e7\u00e3o cultural e mem\u00f3rias e saberes culturais.<\/p>\n<p>O edital completo, contendo as informa\u00e7\u00f5es relativas aos prazos e documenta\u00e7\u00f5es est\u00e3o dispon\u00edveis no link: <a href=\"http:\/\/www.ladario.ms.gov.br\/e-sic\/uploads\/20201210175329-YBnp.pdf\">http:\/\/www.ladario.ms.gov.br\/e-sic\/uploads\/20201210175329-YBnp.pdf<\/a> .\u00a0<\/p>\n<p>A Funda\u00e7\u00e3o de Cultura fica na rua Dom Pedro II, 547 no centro de Lad\u00e1rio. O telefone para contato \u00e9 o (67) 3226-5174. Com hor\u00e1rio de atendimento das 08 \u00e0s 13hs.<\/p>\n\n\n<p><\/p>\n","protected":false},"excerpt":{"rendered":"<p>A Funda\u00e7\u00e3o Municipal de Cultura de Lad\u00e1rio, abriu nesta quinta-feira (10) o edital N\u00b0 049\/2020&#8230;<\/p>\n","protected":false},"author":6,"featured_media":0,"comment_status":"closed","ping_status":"closed","sticky":false,"template":"","format":"standard","meta":{"footnotes":""},"categories":[7],"tags":[],"class_list":["post-11711529","post","type-post","status-publish","format-standard","hentry","category-cultura"],"_links":{"self":[{"href":"https:\/\/www.corumbaonline.com.br\/news\/wp-json\/wp\/v2\/posts\/11711529","targetHints":{"allow":["GET"]}}],"collection":[{"href":"https:\/\/www.corumbaonline.com.br\/news\/wp-json\/wp\/v2\/posts"}],"about":[{"href":"https:\/\/www.corumbaonline.com.br\/news\/wp-json\/wp\/v2\/types\/post"}],"author":[{"embeddable":true,"href":"https:\/\/www.corumbaonline.com.br\/news\/wp-json\/wp\/v2\/users\/6"}],"replies":[{"embeddable":true,"href":"https:\/\/www.corumbaonline.com.br\/news\/wp-json\/wp\/v2\/comments?post=11711529"}],"version-history":[{"count":1,"href":"https:\/\/www.corumbaonline.com.br\/news\/wp-json\/wp\/v2\/posts\/11711529\/revisions"}],"predecessor-version":[{"id":11711530,"href":"https:\/\/www.corumbaonline.com.br\/news\/wp-json\/wp\/v2\/posts\/11711529\/revisions\/11711530"}],"wp:attachment":[{"href":"https:\/\/www.corumbaonline.com.br\/news\/wp-json\/wp\/v2\/media?parent=11711529"}],"wp:term":[{"taxonomy":"category","embeddable":true,"href":"https:\/\/www.corumbaonline.com.br\/news\/wp-json\/wp\/v2\/categories?post=11711529"},{"taxonomy":"post_tag","embeddable":true,"href":"https:\/\/www.corumbaonline.com.br\/news\/wp-json\/wp\/v2\/tags?post=11711529"}],"curies":[{"name":"wp","href":"https:\/\/api.w.org\/{rel}","templated":true}]}}