{"id":11711551,"date":"2021-01-21T08:38:00","date_gmt":"2021-01-21T12:38:00","guid":{"rendered":"http:\/\/www.corumbaonline.com.br\/news\/?p=11711551"},"modified":"2021-01-21T10:05:16","modified_gmt":"2021-01-21T14:05:16","slug":"grupos-convocam-atos-pro-impeachment-de-bolsonaro","status":"publish","type":"post","link":"https:\/\/www.corumbaonline.com.br\/news\/grupos-convocam-atos-pro-impeachment-de-bolsonaro\/","title":{"rendered":"Grupos convocam atos pr\u00f3-impeachment de Bolsonaro"},"content":{"rendered":"<p>Movimentos de esquerda e de direita e representantes da sociedade civil convocaram para este fim de semana atos pr\u00f3-impeachment do presidente Jair Bolsonaro em ao menos sete capitais e no Distrito Federal. Os protestos ganharam a ades\u00e3o de organiza\u00e7\u00f5es que estiveram em lados opostos durante o impeachment da presidente Dilma Rousseff.<\/p>\n<p>Agora defendem a sa\u00edda de Bolsonaro a Frente Brasil Popular e a Frente Povo Sem Medo, que apoiaram a petista em 2016, e o MBL e o Vem Pra Rua, que defenderam a queda de Dilma. O grupo de renova\u00e7\u00e3o pol\u00edtica Acredito tamb\u00e9m convocou ato pedindo a sa\u00edda de Bolsonaro.<\/p>\n<p>Embora muitos dos grupos j\u00e1 haviam se posicionado a favor do impeachment de Bolsonaro, lideran\u00e7as dos movimentos avaliam que a crise da falta de oxig\u00eanio no Amazonas e no Par\u00e1 foi um ponto de inflex\u00e3o para organizar atos visando a queda do presidente. O colapso da Sa\u00fade nesses Estados, por exemplo, consta em um pedido de impeachment conjunto que est\u00e1 sendo elaborado por Rede, PSB, PT, PCdoB e PDT e que deve ser apresentado at\u00e9 o fim desta semana.<\/p>\n<p>Apesar da pauta conjunta, os protestos organizados por cada grupo est\u00e3o sendo marcados para dias separados. O Acredito &#8211; que defende uma mobiliza\u00e7\u00e3o suprapartid\u00e1ria em torno do afastamento do presidente do cargo &#8211; e os grupos de esquerda organizam os protestos para s\u00e1bado, dia 23. J\u00e1 os grupos de direita marcaram seus atos para domingo, dia 24. Na tarde desta quarta-feira, o termo &#8220;#dia23ImpeachmentJa&#8221; chegou ao segundo lugar dos trending topics do Brasil no Twitter.<\/p>\n<p>Na semana passada, a Frente Povo Sem Medo &#8211; organiza\u00e7\u00e3o que re\u00fane movimentos sociais, centrais sindicais e partidos de esquerda &#8211; j\u00e1 havia criado a hashtag &#8220;#BrasilSufocado&#8221; e convocado um panela\u00e7o anti-Bolsonaro, que ocorreu na sexta-feira. Na ocasi\u00e3o, a mobiliza\u00e7\u00e3o contou com a participa\u00e7\u00e3o de celebridades, inclusive do apresentador Luciano Huck, um potencial candidato \u00e0 presid\u00eancia em 2022.<\/p>\n<p>No s\u00e1bado, est\u00e3o marcadas carreatas em S\u00e3o Paulo (partindo da Assembleia Legislativa, \u00e0s 14h), no Rio de Janeiro (do Monumento Zumbi dos Palmares, \u00e0s 10h), em Bras\u00edlia (da Funarte, \u00e0s 9h), em Belo Horizonte (saindo do Mineir\u00e3o, \u00e0s 16h), em Porto Alegre (do Largo Zumbi, \u00e0s 16h), em Jo\u00e3o Pessoa (da Pra\u00e7a da Independ\u00eancia, \u00e0s 14h), em Rio Branco (partindo da Uninorte \u00e0s 15h), em Curitiba (da Pra\u00e7a N. Senhora de Salete, \u00e0s 15h30) e em Fortaleza (do Drag\u00e3o do Mar, \u00e0s 15h).<\/p>\n<p>J\u00e1 o Vem Pra Rua e o MBL marcaram dois protestos: um novo panela\u00e7o anti-Bolsonaro na sexta, dia 22, \u00e0s 20h30 e uma carreata em S\u00e3o Paulo no domingo, saindo \u00e0s 10h da Pra\u00e7a Charles Miller. Os grupos tamb\u00e9m articulam atos em outras cidades.<\/p>\n<h3>Belo Horizonte<\/h3>\n<p>A Central \u00danica dos Trabalhadores em Minas Gerais (CUT-MG) e o movimento Acredito marcaram para s\u00e1bado, 23, \u00e0s 16h, uma carreata em Belo Horizonte pelo impeachment do presidente Jair Bolsonaro tendo como justificativa a atua\u00e7\u00e3o do governo federal na pandemia do novo coronav\u00edrus.<\/p>\n<p>A concentra\u00e7\u00e3o da manifesta\u00e7\u00e3o acontece nos arredores do Est\u00e1dio Mineir\u00e3o, na Pampulha, Regi\u00e3o Norte da capital. Nas redes sociais a CUT convida para a carreata com as frases &#8220;Impeachment J\u00e1&#8221;, &#8220;Fora Bolsonaro&#8221; e &#8220;Vacina J\u00e1&#8221;.<\/p>\n<h3>Porto Alegre<\/h3>\n<p>Em Porto Alegre, a manifesta\u00e7\u00e3o \u00e9 encabe\u00e7ada pelo PSOL. O protesto foi intitulado &#8220;Carreata pelo #ForaBolsonaro&#8221;. A concentra\u00e7\u00e3o foi marcada para \u00e0s 16h no Largo Zumbi dos Palmares, no bairro Cidade Baixa. O local \u00e9 um tradicional ponto de encontro para atos progressistas na capital ga\u00facha. A convoca\u00e7\u00e3o dos participantes ocorre por meio das redes sociais.<\/p>\n<h3>Curitiba<\/h3>\n<p>Partidos pol\u00edticos e entidades marcam para o pr\u00f3ximo s\u00e1bado, a partir das 15h30, uma carreata em Curitiba pelo impeachment do presidente Bolsonaro, al\u00e9m de exigir vacina\u00e7\u00e3o contra a covid-19 para toda a popula\u00e7\u00e3o e a prorroga\u00e7\u00e3o do aux\u00edlio-emergencial. Os organizadores est\u00e3o usando as redes sociais para fazer as convoca\u00e7\u00f5es.<\/p>\n<p>A manifesta\u00e7\u00e3o, cuja concentra\u00e7\u00e3o acontece na Pra\u00e7a Nossa Senhora Salete, no Centro C\u00edvico, deve contar com integrantes do Movimento Curitiba Fora Bolsonaro, al\u00e9m de PDT, PT, PCdoB e PSOL.<\/p>\n<h3>Fortaleza<\/h3>\n<p>Em Fortaleza, os atos contra Bolsonaro est\u00e3o organizados para este s\u00e1bado, dia 23. Os manifestantes marcam a concentra\u00e7\u00e3o para as 15h, no Drag\u00e3o do Mar, na Praia de Iracema e seguem em protesto pelo impeachment do presidente. \/COLABORARAM JULIO CESAR LIMA, LEONARDO AUGUSTO, L\u00d4RRANE MENDO\u00c7A e LUCAS RIVAS<\/p>\n","protected":false},"excerpt":{"rendered":"<p>Movimentos de esquerda e de direita e representantes da sociedade civil convocaram para este fim&#8230;<\/p>\n","protected":false},"author":11,"featured_media":0,"comment_status":"closed","ping_status":"closed","sticky":false,"template":"","format":"standard","meta":{"footnotes":""},"categories":[19],"tags":[],"class_list":["post-11711551","post","type-post","status-publish","format-standard","hentry","category-politica"],"_links":{"self":[{"href":"https:\/\/www.corumbaonline.com.br\/news\/wp-json\/wp\/v2\/posts\/11711551","targetHints":{"allow":["GET"]}}],"collection":[{"href":"https:\/\/www.corumbaonline.com.br\/news\/wp-json\/wp\/v2\/posts"}],"about":[{"href":"https:\/\/www.corumbaonline.com.br\/news\/wp-json\/wp\/v2\/types\/post"}],"author":[{"embeddable":true,"href":"https:\/\/www.corumbaonline.com.br\/news\/wp-json\/wp\/v2\/users\/11"}],"replies":[{"embeddable":true,"href":"https:\/\/www.corumbaonline.com.br\/news\/wp-json\/wp\/v2\/comments?post=11711551"}],"version-history":[{"count":1,"href":"https:\/\/www.corumbaonline.com.br\/news\/wp-json\/wp\/v2\/posts\/11711551\/revisions"}],"predecessor-version":[{"id":11711552,"href":"https:\/\/www.corumbaonline.com.br\/news\/wp-json\/wp\/v2\/posts\/11711551\/revisions\/11711552"}],"wp:attachment":[{"href":"https:\/\/www.corumbaonline.com.br\/news\/wp-json\/wp\/v2\/media?parent=11711551"}],"wp:term":[{"taxonomy":"category","embeddable":true,"href":"https:\/\/www.corumbaonline.com.br\/news\/wp-json\/wp\/v2\/categories?post=11711551"},{"taxonomy":"post_tag","embeddable":true,"href":"https:\/\/www.corumbaonline.com.br\/news\/wp-json\/wp\/v2\/tags?post=11711551"}],"curies":[{"name":"wp","href":"https:\/\/api.w.org\/{rel}","templated":true}]}}