{"id":11711591,"date":"2021-01-21T11:53:00","date_gmt":"2021-01-21T15:53:00","guid":{"rendered":"http:\/\/www.corumbaonline.com.br\/news\/?p=11711591"},"modified":"2021-01-21T12:30:54","modified_gmt":"2021-01-21T16:30:54","slug":"denunciados-por-incendio-no-ninho-do-urubu-viram-reus","status":"publish","type":"post","link":"https:\/\/www.corumbaonline.com.br\/news\/denunciados-por-incendio-no-ninho-do-urubu-viram-reus\/","title":{"rendered":"Denunciados por inc\u00eandio no Ninho do Urubu viram r\u00e9us"},"content":{"rendered":"<p>A Justi\u00e7a do Rio de Janeiro aceitou a den\u00fancia do Minist\u00e9rio P\u00fablico do Rio de Janeiro (MPRJ) sobre o inc\u00eandio no centro de treinamento do Flamengo, o Ninho do Urubu, e tornou r\u00e9us os 11 denunciados, incluindo o ent\u00e3o presidente do clube Eduardo Bandeira de Mello.<img decoding=\"async\" src=\"https:\/\/agenciabrasil.ebc.com.br\/ebc.png?id=1399250&amp;o=node\" \/><img decoding=\"async\" src=\"https:\/\/agenciabrasil.ebc.com.br\/ebc.gif?id=1399250&amp;o=node\" \/><\/p>\n<p>&#8220;Recebo a den\u00fancia. Expe\u00e7am-se mandados para cita\u00e7\u00e3o e oferecimento de resposta no prazo de 10 (dez) dias na forma do artigo 396 do C\u00f3digo de Processo Penal&#8221;, registra o despacho assinado ontem (19) pelo juiz Marcelo Laguna Duque Estrada, titular da 36\u00aa Vara Criminal do Tribunal de Justi\u00e7a do Rio de Janeiro (TJRJ).<\/p>\n<p><a href=\"https:\/\/agenciabrasil.ebc.com.br\/justica\/noticia\/2021-01\/apos-dois-anos-mp-denuncia-11-pessoas-por-incendio-no-ninho-do-urub\" target=\"_blank\" rel=\"noopener\">Na den\u00fancia, apresentada no dia 15<\/a>, o MPRJ lista diversas irregularidades cometidas pelos denunciados como descumprimento de normas t\u00e9cnicas e desobedi\u00eancia a san\u00e7\u00f5es administrativas impostas pelas autoridades.<\/p>\n<p>O inc\u00eandio completa dois anos no in\u00edcio do pr\u00f3ximo m\u00eas. O Ninho do Urubu era usado para treinamento das categorias de base do clube, mas\u00a0<a href=\"https:\/\/agenciabrasil.ebc.com.br\/geral\/noticia\/2019-02\/prefeitura-diz-que-tinha-pedido-em-2017-interdicao-do-ct-do-flamengo\" target=\"_blank\" rel=\"noopener\">n\u00e3o tinha alvar\u00e1 de funcionamento<\/a>. No dia 8 fevereiro de 2019, os cont\u00eaineres estruturados para dormit\u00f3rios pegaram fogo, e dez adolescentes morreram e tr\u00eas ficaram feridos.<\/p>\n<p>Ainda em 2019, a\u00a0<a href=\"https:\/\/agenciabrasil.ebc.com.br\/geral\/noticia\/2019-06\/policia-indicia-oito-pessoas-por-mortes-em-incendio-no-ct-do-flamengo\" target=\"_blank\" rel=\"noopener\">Pol\u00edcia Civil chegou a indiciar oito pessoas<\/a>\u00a0por homic\u00eddio com dolo eventual e tentativa de homic\u00eddio. O MPRJ, no entanto, n\u00e3o imputou a nenhum dos denunciados o crime de homic\u00eddio. Eles responder\u00e3o por inc\u00eandio culposo qualificado pelos resultados de morte e les\u00e3o grave.<\/p>\n<p>Na modalidade culposa, entende-se que o crime \u00e9 resultado da imprud\u00eancia, neglig\u00eancia ou imper\u00edcia do autor, embora ele n\u00e3o tenha tido a inten\u00e7\u00e3o de comet\u00ea-lo e nem de assumir o risco. Nesses casos, n\u00e3o h\u00e1 previs\u00e3o de pris\u00e3o em regime fechado, apenas deten\u00e7\u00e3o em regime aberto ou semiaberto, em que o condenado precisa dormir na pris\u00e3o, mas pode sair durante o dia. As penas para o inc\u00eandio culposo qualificado podem variar de 1 ano e quatro meses a at\u00e9 6 anos.<\/p>\n<h2>Outro lado<\/h2>\n<p>Em nota, Bandeira de Mello diz que a investiga\u00e7\u00e3o ignorou todas as peti\u00e7\u00f5es feitas pela sua defesa. \u201cAo que tudo indica, a investiga\u00e7\u00e3o simplesmente se preocupou em encontrar um \u2018culpado\u2019 pr\u00e9-determinado, de maneira conveniente para alguns\u201d. O ex-presidente do Flamengo afirma que no fim de seu mandato, em dezembro de 2018, \u201cos meninos [estavam] j\u00e1 ocupando as novas e definitivas instala\u00e7\u00f5es, as melhores existentes no Brasil\u201d.<\/p>\n<p>\u201cEstou certo de que a Justi\u00e7a reconhecer\u00e1 minha inoc\u00eancia em rela\u00e7\u00e3o \u00e0 lament\u00e1vel trag\u00e9dia que resultou nas mortes das crian\u00e7as no Ninho do Urubu, fato ocorrido quando eu j\u00e1 n\u00e3o era mais presidente do clube\u201d, diz\u00a0a nota.<\/p>\n","protected":false},"excerpt":{"rendered":"<p>A Justi\u00e7a do Rio de Janeiro aceitou a den\u00fancia do Minist\u00e9rio P\u00fablico do Rio de&#8230;<\/p>\n","protected":false},"author":4,"featured_media":0,"comment_status":"closed","ping_status":"closed","sticky":false,"template":"","format":"standard","meta":{"footnotes":""},"categories":[11],"tags":[],"class_list":["post-11711591","post","type-post","status-publish","format-standard","hentry","category-esporte"],"_links":{"self":[{"href":"https:\/\/www.corumbaonline.com.br\/news\/wp-json\/wp\/v2\/posts\/11711591","targetHints":{"allow":["GET"]}}],"collection":[{"href":"https:\/\/www.corumbaonline.com.br\/news\/wp-json\/wp\/v2\/posts"}],"about":[{"href":"https:\/\/www.corumbaonline.com.br\/news\/wp-json\/wp\/v2\/types\/post"}],"author":[{"embeddable":true,"href":"https:\/\/www.corumbaonline.com.br\/news\/wp-json\/wp\/v2\/users\/4"}],"replies":[{"embeddable":true,"href":"https:\/\/www.corumbaonline.com.br\/news\/wp-json\/wp\/v2\/comments?post=11711591"}],"version-history":[{"count":1,"href":"https:\/\/www.corumbaonline.com.br\/news\/wp-json\/wp\/v2\/posts\/11711591\/revisions"}],"predecessor-version":[{"id":11711592,"href":"https:\/\/www.corumbaonline.com.br\/news\/wp-json\/wp\/v2\/posts\/11711591\/revisions\/11711592"}],"wp:attachment":[{"href":"https:\/\/www.corumbaonline.com.br\/news\/wp-json\/wp\/v2\/media?parent=11711591"}],"wp:term":[{"taxonomy":"category","embeddable":true,"href":"https:\/\/www.corumbaonline.com.br\/news\/wp-json\/wp\/v2\/categories?post=11711591"},{"taxonomy":"post_tag","embeddable":true,"href":"https:\/\/www.corumbaonline.com.br\/news\/wp-json\/wp\/v2\/tags?post=11711591"}],"curies":[{"name":"wp","href":"https:\/\/api.w.org\/{rel}","templated":true}]}}