{"id":11711612,"date":"2021-01-22T09:16:00","date_gmt":"2021-01-22T13:16:00","guid":{"rendered":"http:\/\/www.corumbaonline.com.br\/news\/?p=11711612"},"modified":"2021-01-22T09:27:06","modified_gmt":"2021-01-22T13:27:06","slug":"com-covid-19-murilo-assume-o-governo-de-home-office-enquanto-reinaldo-tira-ferias","status":"publish","type":"post","link":"https:\/\/www.corumbaonline.com.br\/news\/com-covid-19-murilo-assume-o-governo-de-home-office-enquanto-reinaldo-tira-ferias\/","title":{"rendered":"Com covid-19, Murilo assume o governo de home office enquanto Reinaldo tira f\u00e9rias"},"content":{"rendered":"<p>Murilo Zauith (DEM) assume o governo do Estado por uma semana, a partir de segunda-feira (25), enquanto\u00a0Reinaldo Azambuja\u00a0(PSDB) sai de\u00a0f\u00e9rias. O vice vai despachar de casa, j\u00e1 que testou positivo para covid-19.<\/p>\n<p>Zauith substitui Reinaldo at\u00e9 o pr\u00f3ximo dia 29, segundo ele. Na pr\u00e1tica, Azambuja s\u00f3 volta ao cargo no dia 1\u00ba de fevereiro, uma segunda-feira.<\/p>\n<p>O vice-governador confirmou que, embora positivo, est\u00e1 assintom\u00e1tico para a doen\u00e7a. Portanto, ele vai cumprir quarentena e trabalhar em regime de home office.<\/p>\n<p>A reportagem acionou a assessoria de comunica\u00e7\u00e3o do governo, que confirmou as informa\u00e7\u00f5es.<\/p>\n<p>As \u00faltimas\u00a0f\u00e9rias\u00a0de Reinaldo\u00a0foram no in\u00edcio de novembro passado, em meio \u00e0 reta final das elei\u00e7\u00f5es municipais de 2020. Na ocasi\u00e3o, ele oficiou a\u00a0Assembleia Legislativa\u00a0para comunicar que sairia de licen\u00e7a e poderia at\u00e9 mesmo deixar o Pa\u00eds.<\/p>\n<p>H\u00e1 um ano, em janeiro do ano passado, o governador tirou folga para ir pescar com amigos na Argentina. Daquela vez, o tucano n\u00e3o avisou os deputados de pronto, como regra a Constitui\u00e7\u00e3o Estadual,\u00a0o que causou uma s\u00e9rie de controv\u00e9rsias. Reinaldo inclusive seguiu assinando atos publicados no Di\u00e1rio Oficial do Estado durante o per\u00edodo em que esteve a pelo menos mil quil\u00f4metros do Parque dos Poderes.<\/p>\n","protected":false},"excerpt":{"rendered":"<p>Murilo Zauith (DEM) assume o governo do Estado por uma semana, a partir de segunda-feira&#8230;<\/p>\n","protected":false},"author":10,"featured_media":0,"comment_status":"closed","ping_status":"closed","sticky":false,"template":"","format":"standard","meta":{"footnotes":""},"categories":[19],"tags":[],"class_list":["post-11711612","post","type-post","status-publish","format-standard","hentry","category-politica"],"_links":{"self":[{"href":"https:\/\/www.corumbaonline.com.br\/news\/wp-json\/wp\/v2\/posts\/11711612","targetHints":{"allow":["GET"]}}],"collection":[{"href":"https:\/\/www.corumbaonline.com.br\/news\/wp-json\/wp\/v2\/posts"}],"about":[{"href":"https:\/\/www.corumbaonline.com.br\/news\/wp-json\/wp\/v2\/types\/post"}],"author":[{"embeddable":true,"href":"https:\/\/www.corumbaonline.com.br\/news\/wp-json\/wp\/v2\/users\/10"}],"replies":[{"embeddable":true,"href":"https:\/\/www.corumbaonline.com.br\/news\/wp-json\/wp\/v2\/comments?post=11711612"}],"version-history":[{"count":1,"href":"https:\/\/www.corumbaonline.com.br\/news\/wp-json\/wp\/v2\/posts\/11711612\/revisions"}],"predecessor-version":[{"id":11711613,"href":"https:\/\/www.corumbaonline.com.br\/news\/wp-json\/wp\/v2\/posts\/11711612\/revisions\/11711613"}],"wp:attachment":[{"href":"https:\/\/www.corumbaonline.com.br\/news\/wp-json\/wp\/v2\/media?parent=11711612"}],"wp:term":[{"taxonomy":"category","embeddable":true,"href":"https:\/\/www.corumbaonline.com.br\/news\/wp-json\/wp\/v2\/categories?post=11711612"},{"taxonomy":"post_tag","embeddable":true,"href":"https:\/\/www.corumbaonline.com.br\/news\/wp-json\/wp\/v2\/tags?post=11711612"}],"curies":[{"name":"wp","href":"https:\/\/api.w.org\/{rel}","templated":true}]}}