{"id":11711704,"date":"2021-01-25T11:12:00","date_gmt":"2021-01-25T15:12:00","guid":{"rendered":"http:\/\/www.corumbaonline.com.br\/news\/?p=11711704"},"modified":"2021-01-25T12:36:00","modified_gmt":"2021-01-25T16:36:00","slug":"prefeitura-de-corumba-inicia-acoes-da-semana-da-visibilidade-trans-confira-programacao","status":"publish","type":"post","link":"https:\/\/www.corumbaonline.com.br\/news\/prefeitura-de-corumba-inicia-acoes-da-semana-da-visibilidade-trans-confira-programacao\/","title":{"rendered":"Prefeitura de Corumb\u00e1 inicia a\u00e7\u00f5es da Semana da Visibilidade Trans; confira programa\u00e7\u00e3o"},"content":{"rendered":"\n<p>A Prefeitura de Corumb\u00e1 promove de 25 a 29 de janeiro a Semana da Visibilidade Trans. Executada pela Secretaria Municipal de Assist\u00eancia Social e Cidadania, por meio da Coordenadoria de Pol\u00edticas P\u00fablicas para as Mulheres e Coordenadoria de Pol\u00edticas P\u00fablicas para LGBT, a iniciativa busca a promo\u00e7\u00e3o de um di\u00e1logo em torno do respeito \u00e0 diversidade.<\/p>\n\n\n\n<p>Ser\u00e3o quatro dias de uma programa\u00e7\u00e3o contendo orienta\u00e7\u00f5es sobre o movimento trans, com fixa\u00e7\u00e3o de cartazes, e entrevistas a r\u00e1dios da cidade. A Semana comemora o Dia Nacional da Visibilidade Trans, celebrado em 29 de janeiro.<\/p>\n\n\n\n<p>As a\u00e7\u00f5es tiveram in\u00edcio nesta segunda-feira, dia 25,&nbsp; entrevista na r\u00e1dio Nova Clube AM sobre \u2018Procedimento para alistamento de trans e travestis\u2019. Tamb\u00e9m foram realizadas orienta\u00e7\u00f5es sobre movimento trans nos CRAS Itinerante e CRAs IV.<\/p>\n\n\n\n<p>Em 29 de janeiro de 2004, mulheres transexuais, homens trans e travestis foram a Bras\u00edlia lan\u00e7ar a campanha \u201cTravesti e Respeito\u201d para promover a cidadania e o respeito entre as pessoas e que mostrasse a relev\u00e2ncia de suas a\u00e7\u00f5es no Congresso Nacional.<\/p>\n\n\n\n<p>Foi o primeiro ato nacional organizado pelas pr\u00f3prias trans e isso repercutiu muito, de maneira que n\u00e3o s\u00f3 a data \u00e9 lembrada e celebrada, como diversas manifesta\u00e7\u00f5es e passeatas aconteceram ano ap\u00f3s ano para reafirmar a import\u00e2ncia da vida dessas pessoas. Com informa\u00e7\u00f5es do site M de Mulher.<\/p>\n\n\n\n<p><strong>Programa\u00e7\u00e3o<\/strong><\/p>\n\n\n\n<p><strong><em>26\/01<\/em><\/strong><\/p>\n\n\n\n<p>08h \u2013 Entrevista nas r\u00e1dios Difusora FM, Band FM e Fronteira FM com Rhayllana Xavier.<\/p>\n\n\n\n<p>Tema: Depoimento de uma mulher trans.<\/p>\n\n\n\n<p>08h \u2013 Orienta\u00e7\u00e3o sobre o movimento trans com fixa\u00e7\u00e3o de cartazes.<\/p>\n\n\n\n<p>P\u00fablico alvo: equipe administrativa.<\/p>\n\n\n\n<p>Local: CRAS Albuquerque e CRAS II<\/p>\n\n\n\n<p><strong>27\/01<\/strong><\/p>\n\n\n\n<p>12h \u2013 Entrevista na r\u00e1dio FM Cidade com a coordenadora de Pol\u00edticas P\u00fablicas para a Mulher, W\u00e2nia Alecrim, e com o coordenador de Politicas P\u00fablicaS para LGBT, M\u00e1rcio Kalango.<\/p>\n\n\n\n<p>09h \u2013 Orienta\u00e7\u00e3o sobre o movimento trans com fixa\u00e7\u00e3o de cartazes.<\/p>\n\n\n\n<p>P\u00fablico alvo: equipe administrativa.<\/p>\n\n\n\n<p>Local: CRAS I<\/p>\n\n\n\n<p><strong>29\/01<\/strong><\/p>\n\n\n\n<p>09h \u2013 Entrevista na r\u00e1dio FM Pantanal com Maria Ap. Moura, gerente de gest\u00e3o de Pol\u00edticas Educacionais.<\/p>\n","protected":false},"excerpt":{"rendered":"<p>A Prefeitura de Corumb\u00e1 promove de 25 a 29 de janeiro a Semana da Visibilidade&#8230;<\/p>\n","protected":false},"author":70,"featured_media":0,"comment_status":"closed","ping_status":"closed","sticky":false,"template":"","format":"standard","meta":{"footnotes":""},"categories":[14],"tags":[],"class_list":["post-11711704","post","type-post","status-publish","format-standard","hentry","category-geral"],"_links":{"self":[{"href":"https:\/\/www.corumbaonline.com.br\/news\/wp-json\/wp\/v2\/posts\/11711704","targetHints":{"allow":["GET"]}}],"collection":[{"href":"https:\/\/www.corumbaonline.com.br\/news\/wp-json\/wp\/v2\/posts"}],"about":[{"href":"https:\/\/www.corumbaonline.com.br\/news\/wp-json\/wp\/v2\/types\/post"}],"author":[{"embeddable":true,"href":"https:\/\/www.corumbaonline.com.br\/news\/wp-json\/wp\/v2\/users\/70"}],"replies":[{"embeddable":true,"href":"https:\/\/www.corumbaonline.com.br\/news\/wp-json\/wp\/v2\/comments?post=11711704"}],"version-history":[{"count":1,"href":"https:\/\/www.corumbaonline.com.br\/news\/wp-json\/wp\/v2\/posts\/11711704\/revisions"}],"predecessor-version":[{"id":11711706,"href":"https:\/\/www.corumbaonline.com.br\/news\/wp-json\/wp\/v2\/posts\/11711704\/revisions\/11711706"}],"wp:attachment":[{"href":"https:\/\/www.corumbaonline.com.br\/news\/wp-json\/wp\/v2\/media?parent=11711704"}],"wp:term":[{"taxonomy":"category","embeddable":true,"href":"https:\/\/www.corumbaonline.com.br\/news\/wp-json\/wp\/v2\/categories?post=11711704"},{"taxonomy":"post_tag","embeddable":true,"href":"https:\/\/www.corumbaonline.com.br\/news\/wp-json\/wp\/v2\/tags?post=11711704"}],"curies":[{"name":"wp","href":"https:\/\/api.w.org\/{rel}","templated":true}]}}