{"id":11711722,"date":"2021-01-26T08:32:00","date_gmt":"2021-01-26T12:32:00","guid":{"rendered":"http:\/\/www.corumbaonline.com.br\/news\/?p=11711722"},"modified":"2021-01-26T09:41:13","modified_gmt":"2021-01-26T13:41:13","slug":"com-mineradoras-prefeito-discute-seguranca-do-trafego-na-rodovia-br-262","status":"publish","type":"post","link":"https:\/\/www.corumbaonline.com.br\/news\/com-mineradoras-prefeito-discute-seguranca-do-trafego-na-rodovia-br-262\/","title":{"rendered":"Com mineradoras, prefeito discute seguran\u00e7a do tr\u00e1fego na rodovia BR-262"},"content":{"rendered":"<p>Em reuni\u00e3o com diretores da Vale e Vetorial, na manh\u00e3 desta segunda-feira, 25 de janeiro, o prefeito Marcelo Iunes discutiu a situa\u00e7\u00e3o do transporte de cargas pela rodovia BR-262. O chefe do Executivo Municipal manifestou sua preocupa\u00e7\u00e3o com a seguran\u00e7a da popula\u00e7\u00e3o, em raz\u00e3o do aumento do fluxo de ve\u00edculos pesados utilizados pelas empresas para escoar a produ\u00e7\u00e3o pela malha rodovi\u00e1ria.<\/p>\n<p>Os diretores das companhias de minera\u00e7\u00e3o e siderurgia informaram que compartilham da mesma preocupa\u00e7\u00e3o do prefeito. Explicaram ainda que o baixo n\u00edvel do rio Paraguai \u2013 afetado em 2020 pela pior seca dos \u00faltimos 50 anos \u2013 fez com que as empresas aumentassem o escoamento da produ\u00e7\u00e3o pelo modal vi\u00e1rio.<\/p>\n<p>Os representantes das duas empresas de minera\u00e7\u00e3o e siderurgia solicitaram o apoio do prefeito na articula\u00e7\u00e3o, com autoridades federais, para a viabiliza\u00e7\u00e3o de recursos para a manuten\u00e7\u00e3o da rodovia.<\/p>\n<p>Iunes afirmou ser \u201cextremamente importante a constante manuten\u00e7\u00e3o da rodovia\u201d e informou que est\u00e1 \u201cencaminhando of\u00edcios \u00e0 chefia do Departamento Nacional de Infraestrutura de Transportes (DNIT) e \u00e0 bancada federal sul-mato-grossense\u201d solicitando a destina\u00e7\u00e3o de recursos \u2013 via emendas parlamentares \u2013 para a constante manuten\u00e7\u00e3o da BR-262 em Corumb\u00e1.<\/p>\n<p>O prefeito refor\u00e7ou a import\u00e2ncia da atividade para o desenvolvimento econ\u00f4mico da regi\u00e3o. Levantamento da Prefeitura \u2013 realizado pela Secretaria Municipal de Desenvolvimento Econ\u00f4mico e Sustent\u00e1vel \u2013 mostrou que a ind\u00fastria extrativista mineral representa pelo menos 8% dos postos de trabalho na regi\u00e3o de Corumb\u00e1 e Lad\u00e1rio.<\/p>\n<p>Participaram da reuni\u00e3o com o prefeito o diretor de minera\u00e7\u00e3o da Vetorial, Rodrigo Xavier, o diretor de siderurgia da Vetorial, M\u00e1rio Sousa, o gerente de rela\u00e7\u00f5es institucionais e governamentais da Vale, Rodrigo Mello, e o gerente executivo de opera\u00e7\u00f5es da Vale Centro-Oeste, Romulo Revetta.<\/p>\n<div id=\"gallery-1\" class=\"gallery galleryid-109167 gallery-columns-3 gallery-size-large\">\n<figure class=\"gallery-item\">\n<div class=\"gallery-icon landscape\"><a href=\"https:\/\/www.corumba.ms.gov.br\/2021\/01\/com-mineradoras-prefeito-discute-seguranca-do-trafego-na-rodovia-br-262\/whatsapp-image-2021-01-25-at-09-47-00-1\/\"><img loading=\"lazy\" decoding=\"async\" class=\"attachment-large size-large\" src=\"https:\/\/www.corumba.ms.gov.br\/wp-content\/uploads\/2021\/01\/WhatsApp-Image-2021-01-25-at-09.47.00-1-1024x706.jpeg\" sizes=\"auto, (max-width: 1024px) 100vw, 1024px\" srcset=\"https:\/\/www.corumba.ms.gov.br\/wp-content\/uploads\/2021\/01\/WhatsApp-Image-2021-01-25-at-09.47.00-1-1024x706.jpeg 1024w, https:\/\/www.corumba.ms.gov.br\/wp-content\/uploads\/2021\/01\/WhatsApp-Image-2021-01-25-at-09.47.00-1-300x207.jpeg 300w, https:\/\/www.corumba.ms.gov.br\/wp-content\/uploads\/2021\/01\/WhatsApp-Image-2021-01-25-at-09.47.00-1-768x529.jpeg 768w, https:\/\/www.corumba.ms.gov.br\/wp-content\/uploads\/2021\/01\/WhatsApp-Image-2021-01-25-at-09.47.00-1.jpeg 1200w\" alt=\"\" width=\"1024\" height=\"706\" \/><\/a><\/div>\n<\/figure>\n<figure class=\"gallery-item\">\n<div class=\"gallery-icon landscape\"><a href=\"https:\/\/www.corumba.ms.gov.br\/2021\/01\/com-mineradoras-prefeito-discute-seguranca-do-trafego-na-rodovia-br-262\/whatsapp-image-2021-01-25-at-09-47-00\/\"><img loading=\"lazy\" decoding=\"async\" class=\"attachment-large size-large\" src=\"https:\/\/www.corumba.ms.gov.br\/wp-content\/uploads\/2021\/01\/WhatsApp-Image-2021-01-25-at-09.47.00-1024x706.jpeg\" sizes=\"auto, (max-width: 1024px) 100vw, 1024px\" srcset=\"https:\/\/www.corumba.ms.gov.br\/wp-content\/uploads\/2021\/01\/WhatsApp-Image-2021-01-25-at-09.47.00-1024x706.jpeg 1024w, https:\/\/www.corumba.ms.gov.br\/wp-content\/uploads\/2021\/01\/WhatsApp-Image-2021-01-25-at-09.47.00-300x207.jpeg 300w, https:\/\/www.corumba.ms.gov.br\/wp-content\/uploads\/2021\/01\/WhatsApp-Image-2021-01-25-at-09.47.00-768x529.jpeg 768w, https:\/\/www.corumba.ms.gov.br\/wp-content\/uploads\/2021\/01\/WhatsApp-Image-2021-01-25-at-09.47.00.jpeg 1200w\" alt=\"\" width=\"1024\" height=\"706\" \/><\/a><\/div>\n<\/figure>\n<figure class=\"gallery-item\">\n<div class=\"gallery-icon landscape\"><a href=\"https:\/\/www.corumba.ms.gov.br\/2021\/01\/com-mineradoras-prefeito-discute-seguranca-do-trafego-na-rodovia-br-262\/whatsapp-image-2021-01-25-at-09-47-01-1\/\"><img loading=\"lazy\" decoding=\"async\" class=\"attachment-large size-large\" src=\"https:\/\/www.corumba.ms.gov.br\/wp-content\/uploads\/2021\/01\/WhatsApp-Image-2021-01-25-at-09.47.01-1-1024x683.jpeg\" sizes=\"auto, (max-width: 1024px) 100vw, 1024px\" srcset=\"https:\/\/www.corumba.ms.gov.br\/wp-content\/uploads\/2021\/01\/WhatsApp-Image-2021-01-25-at-09.47.01-1-1024x683.jpeg 1024w, https:\/\/www.corumba.ms.gov.br\/wp-content\/uploads\/2021\/01\/WhatsApp-Image-2021-01-25-at-09.47.01-1-300x200.jpeg 300w, https:\/\/www.corumba.ms.gov.br\/wp-content\/uploads\/2021\/01\/WhatsApp-Image-2021-01-25-at-09.47.01-1-768x512.jpeg 768w, https:\/\/www.corumba.ms.gov.br\/wp-content\/uploads\/2021\/01\/WhatsApp-Image-2021-01-25-at-09.47.01-1.jpeg 1200w\" alt=\"\" width=\"1024\" height=\"683\" \/><\/a><\/div>\n<\/figure>\n<figure class=\"gallery-item\">\n<div class=\"gallery-icon landscape\"><a href=\"https:\/\/www.corumba.ms.gov.br\/2021\/01\/com-mineradoras-prefeito-discute-seguranca-do-trafego-na-rodovia-br-262\/whatsapp-image-2021-01-25-at-09-47-01-2\/\"><img loading=\"lazy\" decoding=\"async\" class=\"attachment-large size-large\" src=\"https:\/\/www.corumba.ms.gov.br\/wp-content\/uploads\/2021\/01\/WhatsApp-Image-2021-01-25-at-09.47.01-2-1024x683.jpeg\" sizes=\"auto, (max-width: 1024px) 100vw, 1024px\" srcset=\"https:\/\/www.corumba.ms.gov.br\/wp-content\/uploads\/2021\/01\/WhatsApp-Image-2021-01-25-at-09.47.01-2-1024x683.jpeg 1024w, https:\/\/www.corumba.ms.gov.br\/wp-content\/uploads\/2021\/01\/WhatsApp-Image-2021-01-25-at-09.47.01-2-300x200.jpeg 300w, https:\/\/www.corumba.ms.gov.br\/wp-content\/uploads\/2021\/01\/WhatsApp-Image-2021-01-25-at-09.47.01-2-768x512.jpeg 768w, https:\/\/www.corumba.ms.gov.br\/wp-content\/uploads\/2021\/01\/WhatsApp-Image-2021-01-25-at-09.47.01-2.jpeg 1200w\" alt=\"\" width=\"1024\" height=\"683\" \/><\/a><\/div>\n<\/figure>\n<figure class=\"gallery-item\">\n<div class=\"gallery-icon landscape\"><a href=\"https:\/\/www.corumba.ms.gov.br\/2021\/01\/com-mineradoras-prefeito-discute-seguranca-do-trafego-na-rodovia-br-262\/whatsapp-image-2021-01-25-at-09-47-01\/\"><img loading=\"lazy\" decoding=\"async\" class=\"attachment-large size-large\" src=\"https:\/\/www.corumba.ms.gov.br\/wp-content\/uploads\/2021\/01\/WhatsApp-Image-2021-01-25-at-09.47.01-1024x683.jpeg\" sizes=\"auto, (max-width: 1024px) 100vw, 1024px\" srcset=\"https:\/\/www.corumba.ms.gov.br\/wp-content\/uploads\/2021\/01\/WhatsApp-Image-2021-01-25-at-09.47.01-1024x683.jpeg 1024w, https:\/\/www.corumba.ms.gov.br\/wp-content\/uploads\/2021\/01\/WhatsApp-Image-2021-01-25-at-09.47.01-300x200.jpeg 300w, https:\/\/www.corumba.ms.gov.br\/wp-content\/uploads\/2021\/01\/WhatsApp-Image-2021-01-25-at-09.47.01-768x512.jpeg 768w, https:\/\/www.corumba.ms.gov.br\/wp-content\/uploads\/2021\/01\/WhatsApp-Image-2021-01-25-at-09.47.01.jpeg 1200w\" alt=\"\" width=\"1024\" height=\"683\" \/><\/a><\/div>\n<\/figure>\n<\/div>\n\n\n<p><\/p>\n","protected":false},"excerpt":{"rendered":"<p>Em reuni\u00e3o com diretores da Vale e Vetorial, na manh\u00e3 desta segunda-feira, 25 de janeiro,&#8230;<\/p>\n","protected":false},"author":70,"featured_media":11711723,"comment_status":"closed","ping_status":"closed","sticky":false,"template":"","format":"standard","meta":{"footnotes":""},"categories":[14],"tags":[],"class_list":["post-11711722","post","type-post","status-publish","format-standard","has-post-thumbnail","hentry","category-geral"],"_links":{"self":[{"href":"https:\/\/www.corumbaonline.com.br\/news\/wp-json\/wp\/v2\/posts\/11711722","targetHints":{"allow":["GET"]}}],"collection":[{"href":"https:\/\/www.corumbaonline.com.br\/news\/wp-json\/wp\/v2\/posts"}],"about":[{"href":"https:\/\/www.corumbaonline.com.br\/news\/wp-json\/wp\/v2\/types\/post"}],"author":[{"embeddable":true,"href":"https:\/\/www.corumbaonline.com.br\/news\/wp-json\/wp\/v2\/users\/70"}],"replies":[{"embeddable":true,"href":"https:\/\/www.corumbaonline.com.br\/news\/wp-json\/wp\/v2\/comments?post=11711722"}],"version-history":[{"count":2,"href":"https:\/\/www.corumbaonline.com.br\/news\/wp-json\/wp\/v2\/posts\/11711722\/revisions"}],"predecessor-version":[{"id":11711726,"href":"https:\/\/www.corumbaonline.com.br\/news\/wp-json\/wp\/v2\/posts\/11711722\/revisions\/11711726"}],"wp:featuredmedia":[{"embeddable":true,"href":"https:\/\/www.corumbaonline.com.br\/news\/wp-json\/wp\/v2\/media\/11711723"}],"wp:attachment":[{"href":"https:\/\/www.corumbaonline.com.br\/news\/wp-json\/wp\/v2\/media?parent=11711722"}],"wp:term":[{"taxonomy":"category","embeddable":true,"href":"https:\/\/www.corumbaonline.com.br\/news\/wp-json\/wp\/v2\/categories?post=11711722"},{"taxonomy":"post_tag","embeddable":true,"href":"https:\/\/www.corumbaonline.com.br\/news\/wp-json\/wp\/v2\/tags?post=11711722"}],"curies":[{"name":"wp","href":"https:\/\/api.w.org\/{rel}","templated":true}]}}