{"id":11711744,"date":"2021-01-26T10:35:00","date_gmt":"2021-01-26T14:35:00","guid":{"rendered":"http:\/\/www.corumbaonline.com.br\/news\/?p=11711744"},"modified":"2021-01-26T10:47:30","modified_gmt":"2021-01-26T14:47:30","slug":"vespera-do-dia-da-padroeira-sera-de-ponto-facultativo-nas-reparticoes-de-corumba","status":"publish","type":"post","link":"https:\/\/www.corumbaonline.com.br\/news\/vespera-do-dia-da-padroeira-sera-de-ponto-facultativo-nas-reparticoes-de-corumba\/","title":{"rendered":"V\u00e9spera do Dia da Padroeira ser\u00e1 de ponto facultativo nas reparti\u00e7\u00f5es de Corumb\u00e1"},"content":{"rendered":"<p>Publicado na edi\u00e7\u00e3o dessa segunda-feira, 25 de janeiro, do\u00a0<em><strong><a href=\"http:\/\/do.corumba.ms.gov.br\/portal\/edicoes\/download\/3931\">DIOCORUMB\u00c1<\/a><\/strong><\/em>, o Decreto N\u00ba 2.476 estabeleceu ponto facultativo nas reparti\u00e7\u00f5es p\u00fablicas municipais na pr\u00f3xima segunda-feira, 1\u00ba de fevereiro, v\u00e9spera do feriado pelo Dia de Nossa Senhora da Candel\u00e1ria, a Padroeira de Corumb\u00e1.<\/p>\n<p>Conforme determinou o prefeito Marcelo Iunes, a medida n\u00e3o se aplica \u00e0s unidades e servi\u00e7os considerados essenciais, que por sua natureza n\u00e3o possam ser paralisados ou interrompidos, inclusive abrigos, unidades de pronto atendimento e pronto socorro municipal.<\/p>\n<p>Os titulares das Secretarias, Funda\u00e7\u00f5es e Autarquias tamb\u00e9m poder\u00e3o determinar outros servi\u00e7os considerados necess\u00e1rios \u00e0 comunidade.<\/p>\n","protected":false},"excerpt":{"rendered":"<p>Publicado na edi\u00e7\u00e3o dessa segunda-feira, 25 de janeiro, do\u00a0DIOCORUMB\u00c1, o Decreto N\u00ba 2.476 estabeleceu ponto&#8230;<\/p>\n","protected":false},"author":70,"featured_media":11711745,"comment_status":"closed","ping_status":"closed","sticky":false,"template":"","format":"standard","meta":{"footnotes":""},"categories":[14],"tags":[],"class_list":["post-11711744","post","type-post","status-publish","format-standard","has-post-thumbnail","hentry","category-geral"],"_links":{"self":[{"href":"https:\/\/www.corumbaonline.com.br\/news\/wp-json\/wp\/v2\/posts\/11711744","targetHints":{"allow":["GET"]}}],"collection":[{"href":"https:\/\/www.corumbaonline.com.br\/news\/wp-json\/wp\/v2\/posts"}],"about":[{"href":"https:\/\/www.corumbaonline.com.br\/news\/wp-json\/wp\/v2\/types\/post"}],"author":[{"embeddable":true,"href":"https:\/\/www.corumbaonline.com.br\/news\/wp-json\/wp\/v2\/users\/70"}],"replies":[{"embeddable":true,"href":"https:\/\/www.corumbaonline.com.br\/news\/wp-json\/wp\/v2\/comments?post=11711744"}],"version-history":[{"count":1,"href":"https:\/\/www.corumbaonline.com.br\/news\/wp-json\/wp\/v2\/posts\/11711744\/revisions"}],"predecessor-version":[{"id":11711746,"href":"https:\/\/www.corumbaonline.com.br\/news\/wp-json\/wp\/v2\/posts\/11711744\/revisions\/11711746"}],"wp:featuredmedia":[{"embeddable":true,"href":"https:\/\/www.corumbaonline.com.br\/news\/wp-json\/wp\/v2\/media\/11711745"}],"wp:attachment":[{"href":"https:\/\/www.corumbaonline.com.br\/news\/wp-json\/wp\/v2\/media?parent=11711744"}],"wp:term":[{"taxonomy":"category","embeddable":true,"href":"https:\/\/www.corumbaonline.com.br\/news\/wp-json\/wp\/v2\/categories?post=11711744"},{"taxonomy":"post_tag","embeddable":true,"href":"https:\/\/www.corumbaonline.com.br\/news\/wp-json\/wp\/v2\/tags?post=11711744"}],"curies":[{"name":"wp","href":"https:\/\/api.w.org\/{rel}","templated":true}]}}