{"id":11711830,"date":"2021-01-28T10:11:00","date_gmt":"2021-01-28T14:11:00","guid":{"rendered":"http:\/\/www.corumbaonline.com.br\/news\/?p=11711830"},"modified":"2021-01-28T10:30:52","modified_gmt":"2021-01-28T14:30:52","slug":"prefeitura-disponibiliza-na-quinta-feira-espetaculo-conectados-na-internet","status":"publish","type":"post","link":"https:\/\/www.corumbaonline.com.br\/news\/prefeitura-disponibiliza-na-quinta-feira-espetaculo-conectados-na-internet\/","title":{"rendered":"Prefeitura disponibiliza, na quinta-feira, espet\u00e1culo \u201cConectados\u201d na internet"},"content":{"rendered":"<p>O espet\u00e1culo virtual \u201cConectados\u201d, da Oficina de Dan\u00e7a, da Prefeitura de Corumb\u00e1, vai ser liberado na quinta-feira, 28 de janeiro, no canal da Oficina de Dan\u00e7a na internet a partir das 18 horas (hor\u00e1rio de MS). Ser\u00e3o 10 coreografias com participa\u00e7\u00e3o de alunos e professores da institui\u00e7\u00e3o.<\/p>\n<p>\u201cO projeto Conectados surgiu em raz\u00e3o de nesse per\u00edodo nossos alunos estarem em casa, tendo aulas em casa. Ent\u00e3o, est\u00e3o em casa conectados com a Oficina. Tivemos a ideia, desenvolvemos o projeto e criamos as coreografias. Algumas delas foram coreografias pelos pr\u00f3prios alunos \u201d, contou o coordenador da Oficina de Dan\u00e7a, Albano Garcia.<\/p>\n<p>As filmagens aconteceram em dezembro, durante tr\u00eas dias. \u201cTudo foi filmado seguindo as normas de biosseguran\u00e7a. Foram tr\u00eas dias de filmagem. T\u00ednhamos hor\u00e1rios diferentes e cada dia, cada per\u00edodo comparecia um pra gravar. Com esse projeto, mostramos que mesmo com a pandemia a Oficina de Dan\u00e7a est\u00e1 conectada com seus alunos\u201d, disse Albano.<\/p>\n<p>\u201cVai estar dispon\u00edvel na quinta-feira, dia 28, a partir das 18 horas no canal da Oficina de Dan\u00e7a no You Tube. \u00c9 s\u00f3 clicar, assistir, curtir e dar um like\u201d, finalizou o coordenador da Oficina de Dan\u00e7a, que \u00e9 vinculada \u00e0 Funda\u00e7\u00e3o da Cultura e do Patrim\u00f4nio Hist\u00f3rico de Corumb\u00e1.<\/p>\n","protected":false},"excerpt":{"rendered":"<p>O espet\u00e1culo virtual \u201cConectados\u201d, da Oficina de Dan\u00e7a, da Prefeitura de Corumb\u00e1, vai ser liberado&#8230;<\/p>\n","protected":false},"author":70,"featured_media":11711831,"comment_status":"closed","ping_status":"closed","sticky":false,"template":"","format":"standard","meta":{"footnotes":""},"categories":[7],"tags":[],"class_list":["post-11711830","post","type-post","status-publish","format-standard","has-post-thumbnail","hentry","category-cultura"],"_links":{"self":[{"href":"https:\/\/www.corumbaonline.com.br\/news\/wp-json\/wp\/v2\/posts\/11711830","targetHints":{"allow":["GET"]}}],"collection":[{"href":"https:\/\/www.corumbaonline.com.br\/news\/wp-json\/wp\/v2\/posts"}],"about":[{"href":"https:\/\/www.corumbaonline.com.br\/news\/wp-json\/wp\/v2\/types\/post"}],"author":[{"embeddable":true,"href":"https:\/\/www.corumbaonline.com.br\/news\/wp-json\/wp\/v2\/users\/70"}],"replies":[{"embeddable":true,"href":"https:\/\/www.corumbaonline.com.br\/news\/wp-json\/wp\/v2\/comments?post=11711830"}],"version-history":[{"count":1,"href":"https:\/\/www.corumbaonline.com.br\/news\/wp-json\/wp\/v2\/posts\/11711830\/revisions"}],"predecessor-version":[{"id":11711832,"href":"https:\/\/www.corumbaonline.com.br\/news\/wp-json\/wp\/v2\/posts\/11711830\/revisions\/11711832"}],"wp:featuredmedia":[{"embeddable":true,"href":"https:\/\/www.corumbaonline.com.br\/news\/wp-json\/wp\/v2\/media\/11711831"}],"wp:attachment":[{"href":"https:\/\/www.corumbaonline.com.br\/news\/wp-json\/wp\/v2\/media?parent=11711830"}],"wp:term":[{"taxonomy":"category","embeddable":true,"href":"https:\/\/www.corumbaonline.com.br\/news\/wp-json\/wp\/v2\/categories?post=11711830"},{"taxonomy":"post_tag","embeddable":true,"href":"https:\/\/www.corumbaonline.com.br\/news\/wp-json\/wp\/v2\/tags?post=11711830"}],"curies":[{"name":"wp","href":"https:\/\/api.w.org\/{rel}","templated":true}]}}