{"id":11711881,"date":"2021-01-29T10:18:00","date_gmt":"2021-01-29T14:18:00","guid":{"rendered":"http:\/\/www.corumbaonline.com.br\/news\/?p=11711881"},"modified":"2021-01-29T12:20:37","modified_gmt":"2021-01-29T16:20:37","slug":"cinema-do-sesc-cultura-tera-especial-mondo-fellini","status":"publish","type":"post","link":"https:\/\/www.corumbaonline.com.br\/news\/cinema-do-sesc-cultura-tera-especial-mondo-fellini\/","title":{"rendered":"Cinema do Sesc Cultura ter\u00e1 especial Mondo Fellini"},"content":{"rendered":"<p class=\"x_gmail-m_1065518041234395800xxmsonormal\">Em homenagem ao ano em que o diretor e roteirista italiano Federico Fellini completaria seus 101 anos, o Sesc Cultura preparou uma mostra com obras deste que \u00e9 um dos mais influentes cineastas de todos os tempos. Os filmes ser\u00e3o exibidos em tr\u00eas sess\u00f5es semanais, sendo que a sala de cinema est\u00e1 com a capacidade limitada para cumprir as normas de distanciamento social.<\/p>\n<p>Viver como se estiv\u00e9ssemos em um sonho faz parte da fantasia de muitos de n\u00f3s. Assim \u00e9 o cinema de Federico Fellini: uma viagem on\u00edrica prazerosa e intensa. Suas obras nos inspiram a encarar a vida de peito aberto, sob uma \u00f3tica libertadora para o esp\u00edrito. Em seus filmes queremos simplesmente estar ali, sentir aquela magia como sendo nossa tamb\u00e9m, reconhecer no mundo que se apresenta diante de n\u00f3s uma beleza singular e plural, uma felicidade que antes pens\u00e1vamos ser inating\u00edvel at\u00e9 que a vemos t\u00e3o perto, refletida pelas lentes sens\u00edveis desse genial diretor italiano.<\/p>\n<p>A mostra preparada pelo Sesc permite ao p\u00fablico se aproximar de cinco de suas obras: Os boas-vidas, A doce vida, Oito e meio, Julieta dos esp\u00edritos e A voz da lua. A riqueza de seus filmes est\u00e1 no seu estilo \u00fanico de se expressar, marcado pela presen\u00e7a significativa dos tipos mais populares, c\u00f4micos na maioria das vezes, extremamente humanos sempre, pin\u00e7ados \u2013 sem qualquer filtro \u2013 das mais rec\u00f4nditas emo\u00e7\u00f5es de sua inf\u00e2ncia. Federico Fellini pode n\u00e3o ter mudado o mundo com seus filmes, mas o tornou mais encantador aos nossos olhos.<\/p>\n<p>Confira a programa\u00e7\u00e3o, que \u00e9 inteiramente gratuita:<\/p>\n<p>Dia 02\/02 sess\u00e3o \u00e0s 19h<br \/>\nDia 4\/02 sess\u00f5es 15h e 19h Sala de cinema<u><\/u><u><\/u><\/p>\n<p class=\"x_gmail-m_1065518041234395800xxmsonormal\">\nOs boas-vidas (1953) Dire\u00e7\u00e3o: Federico Fellini \/Com\u00e9dia\/Drama, 1h 43 min. Fran\u00e7a\/It\u00e1lia |12 |<\/p>\n<p>Sinopse: Em Rimini, uma pequena cidade italiana, Moraldo, Alberto, Fausto, Leopoldo e Riccardo formam um grupo que nada mais faz do que passar o seu dia-a-dia em farras e conquistas amorosas. S\u00e3o sustentados pelos pais e n\u00e3o t\u00eam vontade nenhuma de trabalhar. No entanto, esse modo de vida acaba para Fausto quando engravida a irm\u00e3 de Moraldo e, \u00e0 pressa, \u00e9 obrigado a casar.<\/p>\n<p>Trailer:\u00a0<a href=\"https:\/\/www.youtube.com\/watch?v=b54YG8rS1v0\" target=\"_blank\" rel=\"noopener noreferrer\">https:\/\/www.youtube.com\/watch?v=b54YG8rS1v0<\/a><\/p>\n<p>Dia 09\/02 \u00a0\u00e0s 19h<br \/>\nDia 11\/02 \u00e0s 15h e 19h<\/p>\n<p>A doce vida (1960) Dire\u00e7\u00e3o: Federico Fellini \/Com\u00e9dia\/Drama, 2h54 min. Fran\u00e7a\/It\u00e1lia |14 |<\/p>\n<p>Roma, in\u00edcio dos anos 60. O jornalista Marcello vive entre as celebridades, ricos e fot\u00f3grafos que lotam a badalada Via Veneto. Neste mundo marcado por um vazio existencial, Marcello frequenta festas, conhece os tipos mais extravagantes e descobre um novo sentido para a vida.<\/p>\n<p>Trailer:\u00a0<a href=\"https:\/\/www.youtube.com\/watch?v=TVtzIxwbsuE\" target=\"_blank\" rel=\"noopener noreferrer\">https:\/\/www.youtube.com\/watch?v=TVtzIxwbsuE<\/a><\/p>\n<p>Dia 18\/02 \u00e0s 15h e 19h<\/p>\n<p>Oito e meio (1963) Dire\u00e7\u00e3o: Federico Fellini \/Com\u00e9dia\/fantasia, 2h18min. Fran\u00e7a\/It\u00e1lia |14 |<\/p>\n<p>Sinopse: Prestes a rodar sua pr\u00f3xima obra, o cineasta Guido Anselmi ainda n\u00e3o tem ideia de como ser\u00e1 o filme. Mergulhado em uma crise existencial e pressionado pelo produtor, pela mulher, pela amante e pelos amigos, ele se interna em uma esta\u00e7\u00e3o de \u00e1guas e passa a misturar o passado com o presente, fic\u00e7\u00e3o com realidade.<\/p>\n<p>Trailer:\u00a0<a href=\"https:\/\/www.youtube.com\/watch?v=jUc4oHnFBnc\" target=\"_blank\" rel=\"noopener noreferrer\">https:\/\/www.youtube.com\/watch?v=jUc4oHnFBnc<\/a><\/p>\n<p>Dia 23\/02 \u00e0s 19h<\/p>\n<p>Dia 25\/02 \u00e0s 15h e 19h<\/p>\n<p>Julieta dos esp\u00edritos (1965) Dire\u00e7\u00e3o: Federico Fellini \/Com\u00e9dia\/Drama, 2h19 min. Fran\u00e7a\/Alemanha\/It\u00e1lia |14 |<\/p>\n<p>Sinopse: Julieta \u00e9 uma mulher burguesa que vive confortavelmente em uma luxuosa casa com o marido e duas empregadas. Seus pais e sua fam\u00edlia a distraem um mundo higienizado. Mas ela descobre que seu marido, ela adora ingenuamente, tem sido infiel, se abrindo para um grande mundo mental em que<\/p>\n<p>seu esp\u00edrito se mistura em sonho e realidade. Julieta deixa de lado o conformismo burgu\u00eas e se revela um ser de extraordin\u00e1ria riqueza interior.<\/p>\n<p>Trailer:\u00a0<a href=\"https:\/\/www.youtube.com\/watch?v=SN0eS2LEd_\" target=\"_blank\" rel=\"noopener noreferrer\">https:\/\/www.youtube.com\/watch?v=SN0eS2LEd_<\/a><\/p>\n","protected":false},"excerpt":{"rendered":"<p>Em homenagem ao ano em que o diretor e roteirista italiano Federico Fellini completaria seus&#8230;<\/p>\n","protected":false},"author":9,"featured_media":0,"comment_status":"closed","ping_status":"closed","sticky":false,"template":"","format":"standard","meta":{"footnotes":""},"categories":[7],"tags":[],"class_list":["post-11711881","post","type-post","status-publish","format-standard","hentry","category-cultura"],"_links":{"self":[{"href":"https:\/\/www.corumbaonline.com.br\/news\/wp-json\/wp\/v2\/posts\/11711881","targetHints":{"allow":["GET"]}}],"collection":[{"href":"https:\/\/www.corumbaonline.com.br\/news\/wp-json\/wp\/v2\/posts"}],"about":[{"href":"https:\/\/www.corumbaonline.com.br\/news\/wp-json\/wp\/v2\/types\/post"}],"author":[{"embeddable":true,"href":"https:\/\/www.corumbaonline.com.br\/news\/wp-json\/wp\/v2\/users\/9"}],"replies":[{"embeddable":true,"href":"https:\/\/www.corumbaonline.com.br\/news\/wp-json\/wp\/v2\/comments?post=11711881"}],"version-history":[{"count":1,"href":"https:\/\/www.corumbaonline.com.br\/news\/wp-json\/wp\/v2\/posts\/11711881\/revisions"}],"predecessor-version":[{"id":11711882,"href":"https:\/\/www.corumbaonline.com.br\/news\/wp-json\/wp\/v2\/posts\/11711881\/revisions\/11711882"}],"wp:attachment":[{"href":"https:\/\/www.corumbaonline.com.br\/news\/wp-json\/wp\/v2\/media?parent=11711881"}],"wp:term":[{"taxonomy":"category","embeddable":true,"href":"https:\/\/www.corumbaonline.com.br\/news\/wp-json\/wp\/v2\/categories?post=11711881"},{"taxonomy":"post_tag","embeddable":true,"href":"https:\/\/www.corumbaonline.com.br\/news\/wp-json\/wp\/v2\/tags?post=11711881"}],"curies":[{"name":"wp","href":"https:\/\/api.w.org\/{rel}","templated":true}]}}