{"id":11711934,"date":"2021-02-01T10:47:00","date_gmt":"2021-02-01T14:47:00","guid":{"rendered":"http:\/\/www.corumbaonline.com.br\/news\/?p=11711934"},"modified":"2021-02-01T12:23:04","modified_gmt":"2021-02-01T16:23:04","slug":"cinema-literatura-e-artes-plasticas-confira-a-programacao-de-fevereiro-do-sesc-cultura","status":"publish","type":"post","link":"https:\/\/www.corumbaonline.com.br\/news\/cinema-literatura-e-artes-plasticas-confira-a-programacao-de-fevereiro-do-sesc-cultura\/","title":{"rendered":"Cinema, literatura e artes pl\u00e1sticas, confira a programa\u00e7\u00e3o de fevereiro do Sesc Cultura"},"content":{"rendered":"<p class=\"x_MsoNormal\">O Sesc Cultura, em Campo Grande, est\u00e1 com visita\u00e7\u00e3o aberta \u00e0 exposi\u00e7\u00e3o &#8220;Entrega&#8221; com obras de Thetis Selingardi, produzidas ao longo das \u00faltimas quatro d\u00e9cadas. No dia 11 de fevereiro, \u00e0s 19 horas, haver\u00e1 a exibi\u00e7\u00e3o do document\u00e1rio &#8220;Thetis Selingardi na tela&#8221;, que apresenta trajet\u00f3rias, processos criativos, inspira\u00e7\u00f5es e intimidade da artista, consagrada pela importante contribui\u00e7\u00e3o para a arte contempor\u00e2nea nacional e sul mato-grossense.<\/p>\n<p>No dia 23, \u00e0s 19 horas, tem o encontro &#8220;Sesc literatura para o vestibular&#8221;, dedicado \u00e0 leitura e a literatura, com foco nas obras e textos essenciais, conforme crit\u00e9rios das universidades. Os encontros, com participa\u00e7\u00e3o gratuita, s\u00e3o sempre \u00e0s ter\u00e7as-feiras da pen\u00faltima semana de cada m\u00eas pelo endere\u00e7o\u00a0<a href=\"http:\/\/meet.google.com\/gbz-hypx-ued\" target=\"_blank\" rel=\"noopener noreferrer\">meet.google.com\/gbz-hypx-ued<\/a><\/p>\n<p class=\"x_MsoNormal\">Desta vez, haver\u00e1 um bate-papo virtual sobre a obra Terra Son\u00e2mbula, do jornalista e professor mo\u00e7ambicano Mia Couto, que \u00e9 correspondente da Academia Brasileira de Letras. Escolhida como uma das obras liter\u00e1rias obrigat\u00f3rias para os vestibulares da Universidade de S\u00e3o Paulo &#8211; USP at\u00e9 2022, Terra son\u00e2mbula traz como elementos fundamentais a realidade e o sonho. A convidada para o encontro \u00e9 Susylene Dias de Ara\u00fajo, doutora em Letras pela Universidade Estadual de Londrina, professora na Universidade Estadual e Universidade Federal de MS.<\/p>\n<p>No dia 27, \u00e0s 15 horas, o Clube de Leitura vai debater a obra &#8220;Um retrato do artista quando jovem&#8221;, de James Joyce. Uma das obras centrais do modernismo liter\u00e1rio de l\u00edngua inglesa, a obra descreve o desenvolvimento intelectual e art\u00edstico do personagem Stephen Dedalus ao longo dos anos de sua inf\u00e2ncia e juventude. O encontro ter\u00e1 como convidado Volmir Cardoso Pereira, Doutor em Letras\/Estudos liter\u00e1rios pela Universidade Estadual de Londrina (UEL), professor efetivo Universidade Estadual de Mato Grosso do Sul (UEMS).<\/p>\n<p><b>Cinema \u2013\u00a0<\/b>\u00a0As sess\u00f5es do Cine Sesc de fevereiro far\u00e3o uma homenagem a Federico Fellini, com obras que inspiram a encarar a vida de peito aberto, sob uma \u00f3tica libertadora para o esp\u00edrito. As exibi\u00e7\u00f5es s\u00e3o \u00e0s ter\u00e7as, 19 horas, e quintas-feiras, \u00e0s 15h e 19 horas. Nos dias 02 e 04, ser\u00e1 exibido &#8220;Os boas-vidas&#8221; (1953); dias 09 e 11, &#8220;A doce vida&#8221; (1960); dia 18 ser\u00e1 a vez de &#8220;Oito e meio&#8221; (1963) e encerrando a programa\u00e7\u00e3o do m\u00eas, nos dias\u00a023 e 25 ser\u00e1 exibido &#8220;Julieta dos esp\u00edritos&#8221; (1965).<\/p>\n<p>O Sesc Cultura tamb\u00e9m oferece acesso livre \u00e0 Biblioteca, que \u00e9 climatizada e internet wifi, com acervo dedicado \u00e0 cultura e \u00e0s artes abrangendo conte\u00fado para todas as idades. Disponibiliza tamb\u00e9m livros do projeto American Corner de profici\u00eancia e acad\u00eamico dos EUA, livros em ingl\u00eas da literatura norte-americana, al\u00e9m de livros regionais e filmes em formato DVD. O cat\u00e1logo pode ser consultado no site\u00a0<a href=\"http:\/\/sesc.ms\/bibliotecas\/\" target=\"_blank\" rel=\"noopener noreferrer\">http:\/\/sesc.ms\/bibliotecas\/<\/a>\u00a0Reservas de empr\u00e9stimo pelo WhatsApp 3311-4417 o funcionamento \u00e9 de segunda a quarta-feira das 13h \u00e0s 16h e 17h30 \u00e0s 21h e quinta e sexta-feira das 14h \u00e0s 17h30.<\/p>\n","protected":false},"excerpt":{"rendered":"<p>O Sesc Cultura, em Campo Grande, est\u00e1 com visita\u00e7\u00e3o aberta \u00e0 exposi\u00e7\u00e3o &#8220;Entrega&#8221; com obras&#8230;<\/p>\n","protected":false},"author":9,"featured_media":0,"comment_status":"closed","ping_status":"closed","sticky":false,"template":"","format":"standard","meta":{"footnotes":""},"categories":[7],"tags":[],"class_list":["post-11711934","post","type-post","status-publish","format-standard","hentry","category-cultura"],"_links":{"self":[{"href":"https:\/\/www.corumbaonline.com.br\/news\/wp-json\/wp\/v2\/posts\/11711934","targetHints":{"allow":["GET"]}}],"collection":[{"href":"https:\/\/www.corumbaonline.com.br\/news\/wp-json\/wp\/v2\/posts"}],"about":[{"href":"https:\/\/www.corumbaonline.com.br\/news\/wp-json\/wp\/v2\/types\/post"}],"author":[{"embeddable":true,"href":"https:\/\/www.corumbaonline.com.br\/news\/wp-json\/wp\/v2\/users\/9"}],"replies":[{"embeddable":true,"href":"https:\/\/www.corumbaonline.com.br\/news\/wp-json\/wp\/v2\/comments?post=11711934"}],"version-history":[{"count":1,"href":"https:\/\/www.corumbaonline.com.br\/news\/wp-json\/wp\/v2\/posts\/11711934\/revisions"}],"predecessor-version":[{"id":11711935,"href":"https:\/\/www.corumbaonline.com.br\/news\/wp-json\/wp\/v2\/posts\/11711934\/revisions\/11711935"}],"wp:attachment":[{"href":"https:\/\/www.corumbaonline.com.br\/news\/wp-json\/wp\/v2\/media?parent=11711934"}],"wp:term":[{"taxonomy":"category","embeddable":true,"href":"https:\/\/www.corumbaonline.com.br\/news\/wp-json\/wp\/v2\/categories?post=11711934"},{"taxonomy":"post_tag","embeddable":true,"href":"https:\/\/www.corumbaonline.com.br\/news\/wp-json\/wp\/v2\/tags?post=11711934"}],"curies":[{"name":"wp","href":"https:\/\/api.w.org\/{rel}","templated":true}]}}