{"id":11711949,"date":"2021-02-02T08:10:00","date_gmt":"2021-02-02T12:10:00","guid":{"rendered":"http:\/\/www.corumbaonline.com.br\/news\/?p=11711949"},"modified":"2021-02-02T09:12:18","modified_gmt":"2021-02-02T13:12:18","slug":"com-apoio-de-bolsonaro-lira-e-eleito-presidente-da-camara","status":"publish","type":"post","link":"https:\/\/www.corumbaonline.com.br\/news\/com-apoio-de-bolsonaro-lira-e-eleito-presidente-da-camara\/","title":{"rendered":"Com apoio de Bolsonaro, Lira \u00e9 eleito presidente da C\u00e2mara"},"content":{"rendered":"<p>Apoiado pelo Pal\u00e1cio do Planalto, o deputado Arthur Lira (Progressistas-AL) foi eleito nesta segunda-feira, 1.\u00ba, presidente da C\u00e2mara para o per\u00edodo 2021-2023, com 302 votos, ap\u00f3s uma disputa marcada por trai\u00e7\u00f5es, recuos e den\u00fancias de compra de votos. A escolha de Lira representa a vit\u00f3ria do Centr\u00e3o, grupo de partidos conhecido pela pr\u00e1tica do &#8216;toma l\u00e1, d\u00e1 c\u00e1&#8217;, e um novo cap\u00edtulo para o governo de Jair Bolsonaro, que aposta em uma agenda mais conservadora do que liberal para conquistar novo mandato.<\/p>\n<p class=\"text\">A elei\u00e7\u00e3o do l\u00edder do Centr\u00e3o para o comando da C\u00e2mara e de Rodrigo Pacheco (DEM-MG) \u00e0 presid\u00eancia do Senado tamb\u00e9m muda a correla\u00e7\u00e3o de for\u00e7as pol\u00edticas para a disputa de 2022. Ap\u00f3s quatro anos e sete meses \u00e0 frente da C\u00e2mara, Rodrigo Maia (DEM-RJ) sofreu uma derrota pol\u00edtica ao n\u00e3o conseguir eleger Baleia Rossi (MDB-SP) como sucessor e ver o DEM, seu partido, se reaproximar do presidente. Baleia obteve 145 votos.<\/p>\n<div>\n<p class=\"text\">Em seu discurso de despedida, Maia chorou. &#8220;A partir desta elei\u00e7\u00e3o, o passado ficou para tr\u00e1s e n\u00f3s precisaremos, unidos &#8211; eu na plan\u00edcie, no plen\u00e1rio, com muito orgulho &#8211; com cada um de voc\u00eas, construir o futuro do Brasil. N\u00e3o pelos pr\u00f3ximos dois anos, mas para os pr\u00f3ximos 20 anos&#8221;, disse ele, ao tirar a m\u00e1scara de prote\u00e7\u00e3o para enxugar as l\u00e1grimas.<\/p>\n<p class=\"text\">O desfecho da queda de bra\u00e7o na C\u00e2mara amea\u00e7a deixar cicatrizes no projeto de uma frente ampla de partidos, articulada por Maia e da qual o DEM fazia parte, na tentativa de derrotar Bolsonaro. O presidente quer ver o Congresso investindo na agenda de costumes e na pauta armamentista. De acordo com seus auxiliares, ele est\u00e1 muito mais interessado nesses temas do que em privatiza\u00e7\u00f5es e reforma administrativa. Lira e Pacheco tamb\u00e9m se comprometeram a barrar a cria\u00e7\u00e3o de uma CPI para investigar falhas na condu\u00e7\u00e3o da crise de covid-19.<\/p>\n<p>Pouco ap\u00f3s o resultado ser anunciado, Bolsonaro postou no Twitter uma imagem em que aperta a m\u00e3o de Lira, tendo o ministro Onyx Lorenzoni, da Cidadania, ao fundo.<\/p>\n<p class=\"text\">Na C\u00e2mara, a vota\u00e7\u00e3o desta segunda-feira, 1.\u00ba, ocorreu em clima tenso. Ao ocupar a tribuna da direita, antes de proclamado o resultado, Lira mandou recados a Maia, que estava a poucos metros de dist\u00e2ncia. &#8220;Por favor, olhem para a cadeira da presid\u00eancia. Por acaso h\u00e1 a\u00ed um trono?&#8221;, provocou o candidato do Progressistas, insinuando que Maia se comportava como imperador. O trecho foi inclu\u00eddo de improviso no discurso pronto. &#8220;A C\u00e2mara n\u00e3o pode continuar sendo a C\u00e2mara do &#8216;eu&#8217;. Tem de ser a C\u00e2mara do &#8216;n\u00f3s&#8217;, insistiu ele.<\/p>\n<p class=\"text\">Baleia, por sua vez, destacou reportagens do\u00a0<strong>Estad\u00e3o<\/strong>, mostrando que o governo interferiu na disputa do Congresso ao liberar, no fim de dezembro, R$ 3 bilh\u00f5es em recursos &#8220;extras&#8221; do Minist\u00e9rio do Desenvolvimento Regional para 250 deputados e 35 senadores destinarem a obras em seus redutos eleitorais. Presidente do MDB, Baleia disse que isso ocorria enquanto muitos estavam atr\u00e1s de verbas para os munic\u00edpios, &#8220;com o pires na m\u00e3o&#8221;, e dinheiro para a sa\u00fade.<\/p>\n<p class=\"text\">&#8220;Que pa\u00eds \u00e9 esse que n\u00e3o se sensibiliza com 220 mil mortes?&#8221;, perguntou Baleia, que ocupou a tribuna da esquerda. Filiada ao PSOL, a deputada Luiza Erundina (SP) classificou como &#8220;revoltante&#8221; o que chamou de &#8220;sangria&#8221; do dinheiro p\u00fablico, com a interfer\u00eancia do Planalto na elei\u00e7\u00e3o do Congresso. &#8220;Estarrecidos, acabamos de saber da enxurrada de bilh\u00f5es de reais para regar as hostes dos deputados eleitores dos dois candidatos declaradamente governistas&#8221;, criticou Erundina.<\/p>\n<h2>Tens\u00e3o<\/h2>\n<p class=\"text\">No plen\u00e1rio, os candidatos pregaram a uni\u00e3o e a harmonia. Cinco horas antes, Maia e Lira haviam discutido aos gritos em uma reuni\u00e3o de l\u00edderes. O estopim do bate boca foi o fato de o PT ter alegado problemas t\u00e9cnicos para registrar apoio ao bloco de Baleia no sistema da C\u00e2mara, o que fez o partido perder o prazo de inscri\u00e7\u00e3o, que se encerrava ao meio-dia.<\/p>\n<p class=\"text\">&#8220;\u00c9 s\u00f3 uma quest\u00e3o de coer\u00eancia temporal. Todos cumpriram o prazo, menos o PT&#8221;, protestou Lira, sem querer reabrir o prazo para registro do bloco advers\u00e1rio. Diante dos protestos do candidato do Progressistas, Maia respondeu: &#8220;Eu sou presidente da C\u00e2mara hoje. Eu decido. Amanh\u00e3 voc\u00ea pode decidir&#8221;.<\/p>\n<p class=\"text\">Nervoso, Lira bateu a m\u00e3o na mesa. &#8220;Vossa Excel\u00eancia est\u00e1 atropelando&#8221;, reclamou. Maia cobrou respeito: &#8220;Voc\u00ea n\u00e3o est\u00e1 em Alagoas. N\u00e3o bata na mesa&#8221;. O candidato do Progressistas manteve o tom de desafio: &#8220;E voc\u00ea n\u00e3o est\u00e1 no morro do Rio de Janeiro. Voc\u00ea acha que \u00e9 o valent\u00e3o, o dono do Brasil&#8221;.<\/p>\n<p class=\"text\">Ap\u00f3s muita discuss\u00e3o, o bloco de apoio a Baleia foi registrado com o PT. Mesmo assim, o deputado perdeu a elei\u00e7\u00e3o. O DEM j\u00e1 havia desembarcado da candidatura e o PSDB e o Solidariedade, embora tenham se mantido formalmente ao lado de Baleia, ap\u00f3s idas e vindas, na pr\u00e1tica tamb\u00e9m se dividiram.<\/p>\n<p class=\"text\">O ex-presidente Fernando Henrique Cardoso e o governador de S\u00e3o Paulo, Jo\u00e3o Doria, atuaram para barrar a debandada dos tucanos, muitos deles j\u00e1 fechados com Lira. O deputado Alexandre Frota (PSDB-SP) renunciou na \u00faltima hora \u00e0 candidatura lan\u00e7ada de forma avulsa e anunciou voto em Baleia. Erundina, F\u00e1bio Ramalho (MDB-MG), Marcel van Hattem (Novo-RS), General Peternelli (PSL-SP), Andr\u00e9 Janones (Avante-MG) e Kim Kataguiri (DEM-SP), por\u00e9m, se mantiveram na disputa.<\/p>\n<p class=\"text\">Na noite de domingo, ao ser informado pelo presidente do DEM, ACM Neto, de que a maioria dos deputados do partido estava com Lira, Maia n\u00e3o conteve a irrita\u00e7\u00e3o. Amea\u00e7ou autorizar um pedido de impeachment contra Bolsonaro como \u00faltimo ato \u00e0 frente da C\u00e2mara e at\u00e9 mesmo deixar o DEM, que, na sua avalia\u00e7\u00e3o, virou o &#8220;partido da boquinha&#8221;, apelido dado ao PT pelo ex-governador do Rio Anthony Garotinho. Da pilha de mais de 60 pedidos de afastamento do presidente protocolados na C\u00e2mara, h\u00e1 59 ativos.<\/p>\n<p class=\"text\">&#8220;N\u00e3o posso ficar em um partido que se aliou a Bolsonaro&#8221;, disse Maia, ainda na noite de domingo. &#8220;Tudo o que fizemos foi para evitar mais ru\u00eddos e preservar a vontade da maioria&#8221;, respondeu o l\u00edder da bancada do DEM na C\u00e2mara, Efraim Filho (PB).<\/p>\n<p class=\"text\">At\u00e9 agora, ningu\u00e9m sabe se Maia cumprir\u00e1 a promessa de deixar o partido ou se o que disse foi apenas uma amea\u00e7a feita no calor da hora, como a de autorizar o impeachment de Bolsonaro.<\/p>\n<\/div>\n","protected":false},"excerpt":{"rendered":"<p>Apoiado pelo Pal\u00e1cio do Planalto, o deputado Arthur Lira (Progressistas-AL) foi eleito nesta segunda-feira, 1.\u00ba,&#8230;<\/p>\n","protected":false},"author":11,"featured_media":0,"comment_status":"closed","ping_status":"closed","sticky":false,"template":"","format":"standard","meta":{"footnotes":""},"categories":[19],"tags":[],"class_list":["post-11711949","post","type-post","status-publish","format-standard","hentry","category-politica"],"_links":{"self":[{"href":"https:\/\/www.corumbaonline.com.br\/news\/wp-json\/wp\/v2\/posts\/11711949","targetHints":{"allow":["GET"]}}],"collection":[{"href":"https:\/\/www.corumbaonline.com.br\/news\/wp-json\/wp\/v2\/posts"}],"about":[{"href":"https:\/\/www.corumbaonline.com.br\/news\/wp-json\/wp\/v2\/types\/post"}],"author":[{"embeddable":true,"href":"https:\/\/www.corumbaonline.com.br\/news\/wp-json\/wp\/v2\/users\/11"}],"replies":[{"embeddable":true,"href":"https:\/\/www.corumbaonline.com.br\/news\/wp-json\/wp\/v2\/comments?post=11711949"}],"version-history":[{"count":1,"href":"https:\/\/www.corumbaonline.com.br\/news\/wp-json\/wp\/v2\/posts\/11711949\/revisions"}],"predecessor-version":[{"id":11711950,"href":"https:\/\/www.corumbaonline.com.br\/news\/wp-json\/wp\/v2\/posts\/11711949\/revisions\/11711950"}],"wp:attachment":[{"href":"https:\/\/www.corumbaonline.com.br\/news\/wp-json\/wp\/v2\/media?parent=11711949"}],"wp:term":[{"taxonomy":"category","embeddable":true,"href":"https:\/\/www.corumbaonline.com.br\/news\/wp-json\/wp\/v2\/categories?post=11711949"},{"taxonomy":"post_tag","embeddable":true,"href":"https:\/\/www.corumbaonline.com.br\/news\/wp-json\/wp\/v2\/tags?post=11711949"}],"curies":[{"name":"wp","href":"https:\/\/api.w.org\/{rel}","templated":true}]}}