{"id":11711964,"date":"2021-02-02T09:37:00","date_gmt":"2021-02-02T13:37:00","guid":{"rendered":"http:\/\/www.corumbaonline.com.br\/news\/?p=11711964"},"modified":"2021-02-02T09:48:38","modified_gmt":"2021-02-02T13:48:38","slug":"com-lira-centrao-aguarda-ministerio-da-cidadania-favorito-e-deputado-da-bahia","status":"publish","type":"post","link":"https:\/\/www.corumbaonline.com.br\/news\/com-lira-centrao-aguarda-ministerio-da-cidadania-favorito-e-deputado-da-bahia\/","title":{"rendered":"Com Lira, Centr\u00e3o aguarda Minist\u00e9rio da Cidadania; favorito \u00e9 deputado da Bahia"},"content":{"rendered":"<div data-block-type=\"unstyled\" data-block-weight=\"38\" data-block-id=\"2\">\n<p data-track-category=\"Link no Texto\" data-track-links=\"\">Com a\u00a0vit\u00f3ria do deputado federal Arthur Lira (PP-AL) na elei\u00e7\u00e3o para presid\u00eancia da C\u00e2mara dos Deputados, o Centr\u00e3o come\u00e7a agora a cobrar a fatura por ajudar a eleger o candidato que foi apoiado pelo Pal\u00e1cio do Planalto.<\/p>\n<\/div>\n<div>\n<div data-block-type=\"unstyled\" data-block-weight=\"34\" data-block-id=\"3\">\n<p data-track-category=\"Link no Texto\" data-track-links=\"\">A primeira promessa do Planalto ao Centr\u00e3o \u00e9 entregar o Minist\u00e9rio da Cidadania ao Republicanos, partido da base de Lira. O favorito para o posto \u00e9 o deputado federal Marcio Marinho, da Bahia.<\/p>\n<div data-block-type=\"unstyled\" data-block-weight=\"25\" data-block-id=\"5\">\n<p data-track-category=\"Link no Texto\" data-track-links=\"\">Com a dan\u00e7a das cadeiras, Onyx Lorenzoni, hoje na Cidadania, deve migrar para a Secretaria-Geral da Presid\u00eancia da Rep\u00fablica, que fica no Pal\u00e1cio do Planalto.<\/p>\n<\/div>\n<div data-block-type=\"unstyled\" data-block-weight=\"36\" data-block-id=\"6\">\n<p data-track-category=\"Link no Texto\" data-track-links=\"\">Apesar da derrota de Baleia Rossi (MDB-SP), o governo vai trabalhar para atrair deputados que votaram no parlamentar. O Planalto tem boa rela\u00e7\u00e3o com Baleia Rossi, candidato derrotado apoiado pelo ex-presidente da C\u00e2mara, Rodrigo Maia (DEM-RJ).<\/p>\n<div data-block-type=\"unstyled\" data-block-weight=\"58\" data-block-id=\"9\">\n<p data-track-category=\"Link no Texto\" data-track-links=\"\">O governo tamb\u00e9m n\u00e3o quer que os eleitos para presid\u00eancia do Senado e da C\u00e2mara negociem diretamente as pautas com o ministro da Economia, Paulo Guedes. Assessores de Bolsonaro avaliam que a falta de intermedi\u00e1rios entre Maia e Guedes atrapalhou o andamento da pauta econ\u00f4mica, pois auxiliares pol\u00edticos podem \u201cfiltrar\u201d as discuss\u00f5es e exig\u00eancias de lado a lado.<\/p>\n<\/div>\n<div data-block-type=\"unstyled\" data-block-weight=\"34\" data-block-id=\"10\">\n<p data-track-category=\"Link no Texto\" data-track-links=\"\">O l\u00edder do governo na C\u00e2mara, Ricardo Barros (PP-PR), disse ao\u00a0blog\u00a0nesta ter\u00e7a-feira (1\u00ba) que a prioridade do governo, agora, \u00e9 a vota\u00e7\u00e3o do Or\u00e7amento de 2021 e a agenda de reformas.<\/p>\n<\/div>\n<div data-block-type=\"unstyled\" data-block-weight=\"13\" data-block-id=\"11\">\n<p data-track-category=\"Link no Texto\" data-track-links=\"\">Barros disse que o\u00a0Aux\u00edlio Emergencial\u00a0vai ser discutido dentro do or\u00e7amento.<\/p>\n<div data-block-type=\"raw\" data-block-weight=\"11\" data-block-id=\"13\">\n<div>\n<h4>Ala pol\u00edtica do governo apoia ida de Collor para o Itamaraty<\/h4>\n<\/div>\n<\/div>\n<div data-block-type=\"unstyled\" data-block-weight=\"31\" data-block-id=\"14\">\n<p data-track-category=\"Link no Texto\" data-track-links=\"\">Sobre uma reforma ministerial agora, o l\u00edder do governo diz que n\u00e3o v\u00ea ambiente para isso \u201cmas que pode ocorrer\u201d \u2013 a n\u00e3o ser a troca de Onyx para a Secretaria-Geral.<\/p>\n<\/div>\n<div data-block-type=\"unstyled\" data-block-weight=\"32\" data-block-id=\"15\">\n<p data-track-category=\"Link no Texto\" data-track-links=\"\">Nos bastidores, os partidos do Centr\u00e3o cobram, al\u00e9m da Cidadania, o Minist\u00e9rio da Sa\u00fade, o Minist\u00e9rio da Ind\u00fastria \u2013 que teria de ser recriado \u2013 e at\u00e9 o Minist\u00e9rio da Educa\u00e7\u00e3o.<\/p>\n<\/div>\n<div data-block-type=\"unstyled\" data-block-weight=\"37\" data-block-id=\"16\">\n<p data-track-category=\"Link no Texto\" data-track-links=\"\">Mas, para tentar diminuir o desgaste de Bolsonaro junto \u00e0 sua base mais radical, com acusa\u00e7\u00f5es de que o presidente cedeu ao &#8220;toma l\u00e1, d\u00e1 c\u00e1&#8221;, assessores defendem que ele fa\u00e7a trocas espa\u00e7adas nos minist\u00e9rios, a conta-gotas.<\/p>\n<\/div>\n<div data-block-type=\"unstyled\" data-block-weight=\"24\" data-block-id=\"17\">\n<p data-track-category=\"Link no Texto\" data-track-links=\"\">No Itamaraty, a ala pol\u00edtica do governo defende a troca de Ernesto Ara\u00fajo para um pol\u00edtico, como o nome do senador Fernando Collor (PROS-AL).<\/p>\n<\/div>\n<\/div>\n<\/div>\n<\/div>\n<\/div>\n","protected":false},"excerpt":{"rendered":"<p>Com a\u00a0vit\u00f3ria do deputado federal Arthur Lira (PP-AL) na elei\u00e7\u00e3o para presid\u00eancia da C\u00e2mara dos&#8230;<\/p>\n","protected":false},"author":3,"featured_media":0,"comment_status":"closed","ping_status":"closed","sticky":false,"template":"","format":"standard","meta":{"footnotes":""},"categories":[19],"tags":[],"class_list":["post-11711964","post","type-post","status-publish","format-standard","hentry","category-politica"],"_links":{"self":[{"href":"https:\/\/www.corumbaonline.com.br\/news\/wp-json\/wp\/v2\/posts\/11711964","targetHints":{"allow":["GET"]}}],"collection":[{"href":"https:\/\/www.corumbaonline.com.br\/news\/wp-json\/wp\/v2\/posts"}],"about":[{"href":"https:\/\/www.corumbaonline.com.br\/news\/wp-json\/wp\/v2\/types\/post"}],"author":[{"embeddable":true,"href":"https:\/\/www.corumbaonline.com.br\/news\/wp-json\/wp\/v2\/users\/3"}],"replies":[{"embeddable":true,"href":"https:\/\/www.corumbaonline.com.br\/news\/wp-json\/wp\/v2\/comments?post=11711964"}],"version-history":[{"count":1,"href":"https:\/\/www.corumbaonline.com.br\/news\/wp-json\/wp\/v2\/posts\/11711964\/revisions"}],"predecessor-version":[{"id":11711965,"href":"https:\/\/www.corumbaonline.com.br\/news\/wp-json\/wp\/v2\/posts\/11711964\/revisions\/11711965"}],"wp:attachment":[{"href":"https:\/\/www.corumbaonline.com.br\/news\/wp-json\/wp\/v2\/media?parent=11711964"}],"wp:term":[{"taxonomy":"category","embeddable":true,"href":"https:\/\/www.corumbaonline.com.br\/news\/wp-json\/wp\/v2\/categories?post=11711964"},{"taxonomy":"post_tag","embeddable":true,"href":"https:\/\/www.corumbaonline.com.br\/news\/wp-json\/wp\/v2\/tags?post=11711964"}],"curies":[{"name":"wp","href":"https:\/\/api.w.org\/{rel}","templated":true}]}}