{"id":11711972,"date":"2021-02-02T12:30:00","date_gmt":"2021-02-02T16:30:00","guid":{"rendered":"http:\/\/www.corumbaonline.com.br\/news\/?p=11711972"},"modified":"2021-02-02T14:26:12","modified_gmt":"2021-02-02T18:26:12","slug":"alms-lideres-do-governo-e-oposicao-discursam-na-instalacao-da-sessao-legislativa-de-2021","status":"publish","type":"post","link":"https:\/\/www.corumbaonline.com.br\/news\/alms-lideres-do-governo-e-oposicao-discursam-na-instalacao-da-sessao-legislativa-de-2021\/","title":{"rendered":"ALMS: l\u00edderes do governo e oposi\u00e7\u00e3o discursam na instala\u00e7\u00e3o da sess\u00e3o legislativa de 2021"},"content":{"rendered":"<p>Na manh\u00e3 desta ter\u00e7a-feira (2), durante a instala\u00e7\u00e3o da terceira sess\u00e3o legislativa da 11\u00aa legislatura, a l\u00edder do Governo do Estado, deputada Mara Caseiro (PSDB), e o l\u00edder da oposi\u00e7\u00e3o, Pedro Kemp (PT), usaram a tribuna para falar das expectativas para este ano de 2021. Caseiro e Kemp destacaram o papel do Governo do Estado e da Assembleia Legislativa na garantia de direitos do povo e, ainda, frisaram a import\u00e2ncia da vacina\u00e7\u00e3o de toda a popula\u00e7\u00e3o contra a Covid-19.<\/p>\n<p><strong>A primeira l\u00edder mulher<\/strong><\/p>\n<p>&#8220;\u00c9 a primeira vez, em toda a hist\u00f3ria pol\u00edtica de Mato Grosso do Sul, que uma muher desempenha essa miss\u00e3o t\u00e3o importante de ser a ponte entre os poderes Legislativo e Executivo&#8221;, destacou Mara Caseiro, agradecendo, em seguida, a confian\u00e7a do\u00a0governador Reinaldo Azambuja (PSDB).<\/p>\n<p>Mara elogiou os trabalhos do Poder Executivo ao longo do ano passado. \u201cPassamos por momentos dif\u00edceis neste ano de 2020, mas com responsabilidade e transpar\u00eancia, o Governo do Estado, juntamente com esta Casa, conseguiu entregar as contas em dia, realizando obras e entregando projetos e a\u00e7\u00f5es em prol das pessoas de Mato Grosso do Sul\u201d.<\/p>\n<p>Ela mencionou, entre outras iniciativas, o programa Governo Presente, que destinou R$ 4,2 bilh\u00f5es para as \u00e1reas de infraestrutura rodovi\u00e1ria, infraestrutura hospitalar, sa\u00fade, educa\u00e7\u00e3o, seguran\u00e7a p\u00fablica e cultura. Mara tamb\u00e9m refor\u00e7ou a import\u00e2ncia do di\u00e1logo na busca por solu\u00e7\u00f5es e melhorias.<\/p>\n<p>\u201cQue Deus aben\u00e7oe a todos n\u00f3s e que essa vacina contra a Covid-19 nos traga de volta a tranquilidade para nos relacionarmos e a liberdade para vivermos nosso dia a dia. At\u00e9 l\u00e1, continuemos nos cuidando e nos prevenindo desta doen\u00e7a, para o nosso bem e do nosso pr\u00f3ximo\u201d, finalizou a parlamentar.<\/p>\n<p><strong>Oposi\u00e7\u00e3o e representatividade<\/strong><\/p>\n<p>Pedro Kemp, l\u00edder da oposi\u00e7\u00e3o ao governo, falou sobre a import\u00e2ncia da representatividade de todos os grupos na Casa de Leis. \u201cO parlamento n\u00e3o seria a express\u00e3o do conjunto da sociedade e n\u00e3o seria um dos poderes garantidores do Estado Democr\u00e1tico de Direito se as minorias n\u00e3o fossem representadas, se as diferen\u00e7as n\u00e3o fossem reconhecidas e se o debate plural n\u00e3o tivesse sua garantia nas inst\u00e2ncias do poder\u201d, afirmou.<\/p>\n<p>O deputado afirmou que os \u00faltimos acontecimentos relacionados \u00e0 pandemia demonstraram a necessidade de pol\u00edticas p\u00fablicas e sociais. \u201cA Covid-19 tornou ainda mais evidente as desigualdades sociais, como sempre fazendo suas v\u00edtimas principalmente entre os pobres e as popula\u00e7\u00f5es mais vulner\u00e1veis, e provou que as sociedades n\u00e3o podem abrir m\u00e3o de sistemas p\u00fablicos de sa\u00fade e de seguridade social\u201d, destacou Kemp.<\/p>\n<p>Pedro Kemp comentou, na ocasi\u00e3o, sobre o momento atual do governo federal. \u201cA pandemia n\u00e3o poderia nos atingir no Brasil em um momento mais desastroso do que estamos vivendo na esfera do governo federal\u201d. Para ele, \u201co Congresso Nacional minimizou os efeitos da crise\u201d.<\/p>\n<p>Ainda, o deputado destacou os trabalhos do legislativo estadual. \u201cCom certeza a Assembleia Legislativa de Mato Grosso do Sul cumpriu com suas responsabilidades, respondeu no momento adequado e procurou dar o seu melhor para que nosso estado enfrentasse a crise e superasse as dificuldades\u201d.<\/p>\n<p><strong>Outras lideran\u00e7as<\/strong><\/p>\n<p>O presidente da Casa de Leis, Paulo Corr\u00eaa (PSDB), solicitou as indica\u00e7\u00f5es de lideran\u00e7as partid\u00e1rias, para posterior composi\u00e7\u00e3o das comiss\u00f5es permanentes. As indica\u00e7\u00f5es devem ocorrer nas pr\u00f3ximas sess\u00f5es ordin\u00e1rias.<\/p>\n<p>O processo de instala\u00e7\u00e3o da sess\u00e3o legislativa, bem como a escolha de l\u00edderes e funcionamento de comiss\u00f5es \u00e9 disposto no\u00a0<a href=\"https:\/\/al.ms.gov.br\/upload\/Pdf\/2017_10_30_09_28_06_regimento_interno_27_10_2017.pdf\" target=\"_blank\" rel=\"noopener\">Regimento Interno da Casa de Leis<\/a>.<\/p>\n","protected":false},"excerpt":{"rendered":"<p>Na manh\u00e3 desta ter\u00e7a-feira (2), durante a instala\u00e7\u00e3o da terceira sess\u00e3o legislativa da 11\u00aa legislatura,&#8230;<\/p>\n","protected":false},"author":12,"featured_media":11711973,"comment_status":"closed","ping_status":"closed","sticky":false,"template":"","format":"standard","meta":{"footnotes":""},"categories":[19],"tags":[],"class_list":["post-11711972","post","type-post","status-publish","format-standard","has-post-thumbnail","hentry","category-politica"],"_links":{"self":[{"href":"https:\/\/www.corumbaonline.com.br\/news\/wp-json\/wp\/v2\/posts\/11711972","targetHints":{"allow":["GET"]}}],"collection":[{"href":"https:\/\/www.corumbaonline.com.br\/news\/wp-json\/wp\/v2\/posts"}],"about":[{"href":"https:\/\/www.corumbaonline.com.br\/news\/wp-json\/wp\/v2\/types\/post"}],"author":[{"embeddable":true,"href":"https:\/\/www.corumbaonline.com.br\/news\/wp-json\/wp\/v2\/users\/12"}],"replies":[{"embeddable":true,"href":"https:\/\/www.corumbaonline.com.br\/news\/wp-json\/wp\/v2\/comments?post=11711972"}],"version-history":[{"count":1,"href":"https:\/\/www.corumbaonline.com.br\/news\/wp-json\/wp\/v2\/posts\/11711972\/revisions"}],"predecessor-version":[{"id":11711974,"href":"https:\/\/www.corumbaonline.com.br\/news\/wp-json\/wp\/v2\/posts\/11711972\/revisions\/11711974"}],"wp:featuredmedia":[{"embeddable":true,"href":"https:\/\/www.corumbaonline.com.br\/news\/wp-json\/wp\/v2\/media\/11711973"}],"wp:attachment":[{"href":"https:\/\/www.corumbaonline.com.br\/news\/wp-json\/wp\/v2\/media?parent=11711972"}],"wp:term":[{"taxonomy":"category","embeddable":true,"href":"https:\/\/www.corumbaonline.com.br\/news\/wp-json\/wp\/v2\/categories?post=11711972"},{"taxonomy":"post_tag","embeddable":true,"href":"https:\/\/www.corumbaonline.com.br\/news\/wp-json\/wp\/v2\/tags?post=11711972"}],"curies":[{"name":"wp","href":"https:\/\/api.w.org\/{rel}","templated":true}]}}