{"id":11711981,"date":"2021-02-03T08:10:00","date_gmt":"2021-02-03T12:10:00","guid":{"rendered":"http:\/\/www.corumbaonline.com.br\/news\/?p=11711981"},"modified":"2021-02-03T08:57:21","modified_gmt":"2021-02-03T12:57:21","slug":"congresso-abre-hoje-o-ano-legislativo-em-sessao-solene","status":"publish","type":"post","link":"https:\/\/www.corumbaonline.com.br\/news\/congresso-abre-hoje-o-ano-legislativo-em-sessao-solene\/","title":{"rendered":"Congresso abre hoje o ano legislativo em sess\u00e3o solene"},"content":{"rendered":"<p>O Congresso Nacional abre\u00a0hoje\u00a0(3) o ano legislativo, em sess\u00e3o solene prevista para come\u00e7ar \u00e0s 16h. A sess\u00e3o ser\u00e1 comandada pelo novo presidente do Senado, Rodrigo Pacheco (DEM-MG), que acumula a fun\u00e7\u00e3o de presidente do Congresso Nacional. Ao seu lado estar\u00e1 o novo presidente da C\u00e2mara dos Deputados, Arthur Lira (PP-AL).<img decoding=\"async\" src=\"https:\/\/agenciabrasil.ebc.com.br\/ebc.png?id=1400399&amp;o=node\" \/><img decoding=\"async\" src=\"https:\/\/agenciabrasil.ebc.com.br\/ebc.gif?id=1400399&amp;o=node\" \/><\/p>\n<p>A solenidade no plen\u00e1rio \u00e9 precedida de uma cerim\u00f4nia na \u00e1rea externa do Congresso, que come\u00e7a com a chegada de militares das tr\u00eas For\u00e7as Armadas. S\u00e3o 40 militares da Marinha, 40 do Ex\u00e9rcito, e 40 da Aeron\u00e1utica. O Hino Nacional ser\u00e1 executado enquanto s\u00e3o disparados 21 tiros de canh\u00e3o. Em seguida, Pacheco e Lira subir\u00e3o a rampa do Congresso Nacional, em dire\u00e7\u00e3o ao plen\u00e1rio da C\u00e2mara.<\/p>\n<p>O in\u00edcio da sess\u00e3o ser\u00e1 marcado pela leitura da mensagem enviada pelo Poder Executivo ao Legislativo. O presidente do Supremo Tribunal Federal, ministro Luiz Fux, e o procurador-geral da Rep\u00fablica, Augusto Aras, dever\u00e3o comparecer \u00e0 cerim\u00f4nia.<\/p>\n<p>A Mesa da solenidade \u00e9 composta pelos presidentes do Congresso e da C\u00e2mara, pelo portador da mensagem do Poder Executivo, pelo portador da mensagem do Poder Judici\u00e1rio;e por integrantes da Mesa do Congresso. H\u00e1 a expectativa entre os parlamentares de que o presidente Jair Bolsonaro compare\u00e7a \u00e0 cerim\u00f4nia. Tanto Pacheco quanto Lira foram os candidatos de sua prefer\u00eancia na elei\u00e7\u00e3o das duas Casas, ocorrida na \u00faltima\u00a0segunda-feira (1\u00ba).<\/p>\n<p>Durante a sess\u00e3o, est\u00e3o previstas falas de Fux e, em seguida, do presidente da C\u00e2mara. A sess\u00e3o solene \u00e9 encerrada com o discurso do presidente do Senado, Rodrigo Pacheco. Os demais parlamentares n\u00e3o fazem uso da palavra.<\/p>\n<p><em>*Com informa\u00e7\u00f5es da Ag\u00eancia Senado e Ag\u00eancia C\u00e2mara Not\u00edcias<\/em><\/p>\n","protected":false},"excerpt":{"rendered":"<p>O Congresso Nacional abre\u00a0hoje\u00a0(3) o ano legislativo, em sess\u00e3o solene prevista para come\u00e7ar \u00e0s 16h&#8230;.<\/p>\n","protected":false},"author":4,"featured_media":0,"comment_status":"closed","ping_status":"closed","sticky":false,"template":"","format":"standard","meta":{"footnotes":""},"categories":[19],"tags":[],"class_list":["post-11711981","post","type-post","status-publish","format-standard","hentry","category-politica"],"_links":{"self":[{"href":"https:\/\/www.corumbaonline.com.br\/news\/wp-json\/wp\/v2\/posts\/11711981","targetHints":{"allow":["GET"]}}],"collection":[{"href":"https:\/\/www.corumbaonline.com.br\/news\/wp-json\/wp\/v2\/posts"}],"about":[{"href":"https:\/\/www.corumbaonline.com.br\/news\/wp-json\/wp\/v2\/types\/post"}],"author":[{"embeddable":true,"href":"https:\/\/www.corumbaonline.com.br\/news\/wp-json\/wp\/v2\/users\/4"}],"replies":[{"embeddable":true,"href":"https:\/\/www.corumbaonline.com.br\/news\/wp-json\/wp\/v2\/comments?post=11711981"}],"version-history":[{"count":1,"href":"https:\/\/www.corumbaonline.com.br\/news\/wp-json\/wp\/v2\/posts\/11711981\/revisions"}],"predecessor-version":[{"id":11711982,"href":"https:\/\/www.corumbaonline.com.br\/news\/wp-json\/wp\/v2\/posts\/11711981\/revisions\/11711982"}],"wp:attachment":[{"href":"https:\/\/www.corumbaonline.com.br\/news\/wp-json\/wp\/v2\/media?parent=11711981"}],"wp:term":[{"taxonomy":"category","embeddable":true,"href":"https:\/\/www.corumbaonline.com.br\/news\/wp-json\/wp\/v2\/categories?post=11711981"},{"taxonomy":"post_tag","embeddable":true,"href":"https:\/\/www.corumbaonline.com.br\/news\/wp-json\/wp\/v2\/tags?post=11711981"}],"curies":[{"name":"wp","href":"https:\/\/api.w.org\/{rel}","templated":true}]}}