{"id":11711995,"date":"2021-02-03T09:56:00","date_gmt":"2021-02-03T13:56:00","guid":{"rendered":"http:\/\/www.corumbaonline.com.br\/news\/?p=11711995"},"modified":"2021-02-03T11:13:29","modified_gmt":"2021-02-03T15:13:29","slug":"prefeitura-vai-cadastrar-artesaos-e-produtores-de-trabalhos-manuais-de-corumba","status":"publish","type":"post","link":"https:\/\/www.corumbaonline.com.br\/news\/prefeitura-vai-cadastrar-artesaos-e-produtores-de-trabalhos-manuais-de-corumba\/","title":{"rendered":"Prefeitura vai cadastrar artes\u00e3os e produtores de trabalhos manuais de Corumb\u00e1"},"content":{"rendered":"<p>A Prefeitura, por meio da Funda\u00e7\u00e3o da Cultura e do Patrim\u00f4nio Hist\u00f3rico de Corumb\u00e1, promove o processo de cadastramento e credenciamento dos artes\u00e3os e produtores de trabalhos manuais do munic\u00edpio. A a\u00e7\u00e3o tem como objetivo identificar os profissionais aptos a participarem de cursos de capacita\u00e7\u00e3o, al\u00e9m de presta\u00e7\u00e3o de servi\u00e7os de produ\u00e7\u00e3o, fornecimento e comercializa\u00e7\u00e3o de seus produtos artesanais.<\/p>\n<p>As inscri\u00e7\u00f5es para o cadastramento s\u00e3o gratuitas e os candidatos dever\u00e3o inscrever-se na Casa do Dr. Gabi, localizada na Rua Cuiab\u00e1, n\u00ba 1181 \u2013 Centro, no per\u00edodo compreendido entre 08 de fevereiro e 12 de fevereiro de 2021, no hor\u00e1rio das 8 horas \u00e0s 17 horas. O processo deve ser feito pessoalmente pelo artes\u00e3o, que deve apresentar no ato:<\/p>\n<p>Documento de identidade (RG); CPF; Comprovante de resid\u00eancia; Autoriza\u00e7\u00e3o dos pais, com firma devidamente reconhecida em Cart\u00f3rio, no caso de menores. Cada participante ainda deve apresentar algum exemplar ou foto que comprove seu trabalho manual, o qual ser\u00e1 avaliado pela Coordena\u00e7\u00e3o vigente que definir\u00e1 em que categoria se encaixar\u00e3o os devidos trabalhos.<\/p>\n<p>Conforme estabelece o Edital 01\/2020, publicado na edi\u00e7\u00e3o da sexta-feira, 29 de janeiro, artesanato compreende todas as produ\u00e7\u00f5es resultantes da transforma\u00e7\u00e3o de mat\u00e9rias-primas em seu estado natural ou manufaturadas por meio do dom\u00ednio integral de processos e t\u00e9cnicas de produ\u00e7\u00e3o, em pequena escala, com predomin\u00e2ncia manual que expressem criatividade, habilidade, qualidade, identidade ou valor cultural.<\/p>\n<div id=\"gallery-1\" class=\"gallery galleryid-109320 gallery-columns-4 gallery-size-large\">\n<figure class=\"gallery-item\">\n<div class=\"gallery-icon landscape\"><a href=\"https:\/\/www.corumba.ms.gov.br\/2021\/02\/prefeitura-vai-cadastro-para-artesaos-e-produtores-de-trabalhos-manuais\/whatsapp-image-2021-02-03-at-08-52-03\/\"><img loading=\"lazy\" decoding=\"async\" class=\"attachment-large size-large\" src=\"https:\/\/www.corumba.ms.gov.br\/wp-content\/uploads\/2021\/02\/WhatsApp-Image-2021-02-03-at-08.52.03.jpeg\" sizes=\"auto, (max-width: 1024px) 100vw, 1024px\" srcset=\"https:\/\/www.corumba.ms.gov.br\/wp-content\/uploads\/2021\/02\/WhatsApp-Image-2021-02-03-at-08.52.03.jpeg 1024w, https:\/\/www.corumba.ms.gov.br\/wp-content\/uploads\/2021\/02\/WhatsApp-Image-2021-02-03-at-08.52.03-300x200.jpeg 300w, https:\/\/www.corumba.ms.gov.br\/wp-content\/uploads\/2021\/02\/WhatsApp-Image-2021-02-03-at-08.52.03-768x512.jpeg 768w\" alt=\"\" width=\"1024\" height=\"683\" aria-describedby=\"gallery-1-109325\" \/><\/a><\/div><figcaption id=\"gallery-1-109325\" class=\"wp-caption-text gallery-caption\">Fotos: Gisele Ribeiro<\/figcaption><\/figure>\n<figure class=\"gallery-item\">\n<div class=\"gallery-icon landscape\"><a href=\"https:\/\/www.corumba.ms.gov.br\/2021\/02\/prefeitura-vai-cadastro-para-artesaos-e-produtores-de-trabalhos-manuais\/whatsapp-image-2021-02-03-at-08-52-03-1\/\"><img loading=\"lazy\" decoding=\"async\" class=\"attachment-large size-large\" src=\"https:\/\/www.corumba.ms.gov.br\/wp-content\/uploads\/2021\/02\/WhatsApp-Image-2021-02-03-at-08.52.03-1.jpeg\" sizes=\"auto, (max-width: 1024px) 100vw, 1024px\" srcset=\"https:\/\/www.corumba.ms.gov.br\/wp-content\/uploads\/2021\/02\/WhatsApp-Image-2021-02-03-at-08.52.03-1.jpeg 1024w, https:\/\/www.corumba.ms.gov.br\/wp-content\/uploads\/2021\/02\/WhatsApp-Image-2021-02-03-at-08.52.03-1-300x200.jpeg 300w, https:\/\/www.corumba.ms.gov.br\/wp-content\/uploads\/2021\/02\/WhatsApp-Image-2021-02-03-at-08.52.03-1-768x512.jpeg 768w\" alt=\"\" width=\"1024\" height=\"683\" aria-describedby=\"gallery-1-109323\" \/><\/a><\/div><figcaption id=\"gallery-1-109323\" class=\"wp-caption-text gallery-caption\">Fotos: Gisele Ribeiro<\/figcaption><\/figure>\n<figure class=\"gallery-item\">\n<div class=\"gallery-icon landscape\"><a href=\"https:\/\/www.corumba.ms.gov.br\/2021\/02\/prefeitura-vai-cadastro-para-artesaos-e-produtores-de-trabalhos-manuais\/whatsapp-image-2021-02-03-at-08-52-02\/\"><img loading=\"lazy\" decoding=\"async\" class=\"attachment-large size-large\" src=\"https:\/\/www.corumba.ms.gov.br\/wp-content\/uploads\/2021\/02\/WhatsApp-Image-2021-02-03-at-08.52.02.jpeg\" sizes=\"auto, (max-width: 1024px) 100vw, 1024px\" srcset=\"https:\/\/www.corumba.ms.gov.br\/wp-content\/uploads\/2021\/02\/WhatsApp-Image-2021-02-03-at-08.52.02.jpeg 1024w, https:\/\/www.corumba.ms.gov.br\/wp-content\/uploads\/2021\/02\/WhatsApp-Image-2021-02-03-at-08.52.02-300x200.jpeg 300w, https:\/\/www.corumba.ms.gov.br\/wp-content\/uploads\/2021\/02\/WhatsApp-Image-2021-02-03-at-08.52.02-768x512.jpeg 768w\" alt=\"\" width=\"1024\" height=\"683\" aria-describedby=\"gallery-1-109322\" \/><\/a><\/div><figcaption id=\"gallery-1-109322\" class=\"wp-caption-text gallery-caption\">Fotos: Gisele Ribeiro<\/figcaption><\/figure>\n<figure class=\"gallery-item\">\n<div class=\"gallery-icon landscape\"><a href=\"https:\/\/www.corumba.ms.gov.br\/2021\/02\/prefeitura-vai-cadastro-para-artesaos-e-produtores-de-trabalhos-manuais\/whatsapp-image-2021-02-03-at-08-52-02-1\/\"><img loading=\"lazy\" decoding=\"async\" class=\"attachment-large size-large\" src=\"https:\/\/www.corumba.ms.gov.br\/wp-content\/uploads\/2021\/02\/WhatsApp-Image-2021-02-03-at-08.52.02-1.jpeg\" sizes=\"auto, (max-width: 1024px) 100vw, 1024px\" srcset=\"https:\/\/www.corumba.ms.gov.br\/wp-content\/uploads\/2021\/02\/WhatsApp-Image-2021-02-03-at-08.52.02-1.jpeg 1024w, https:\/\/www.corumba.ms.gov.br\/wp-content\/uploads\/2021\/02\/WhatsApp-Image-2021-02-03-at-08.52.02-1-300x200.jpeg 300w, https:\/\/www.corumba.ms.gov.br\/wp-content\/uploads\/2021\/02\/WhatsApp-Image-2021-02-03-at-08.52.02-1-768x512.jpeg 768w\" alt=\"\" width=\"1024\" height=\"683\" aria-describedby=\"gallery-1-109321\" \/><\/a><\/div><figcaption id=\"gallery-1-109321\" class=\"wp-caption-text gallery-caption\">Fotos: Gisele Ribeiro<\/figcaption><\/figure>\n<\/div>\n","protected":false},"excerpt":{"rendered":"<p>A Prefeitura, por meio da Funda\u00e7\u00e3o da Cultura e do Patrim\u00f4nio Hist\u00f3rico de Corumb\u00e1, promove&#8230;<\/p>\n","protected":false},"author":70,"featured_media":11711996,"comment_status":"closed","ping_status":"closed","sticky":false,"template":"","format":"standard","meta":{"footnotes":""},"categories":[7],"tags":[],"class_list":["post-11711995","post","type-post","status-publish","format-standard","has-post-thumbnail","hentry","category-cultura"],"_links":{"self":[{"href":"https:\/\/www.corumbaonline.com.br\/news\/wp-json\/wp\/v2\/posts\/11711995","targetHints":{"allow":["GET"]}}],"collection":[{"href":"https:\/\/www.corumbaonline.com.br\/news\/wp-json\/wp\/v2\/posts"}],"about":[{"href":"https:\/\/www.corumbaonline.com.br\/news\/wp-json\/wp\/v2\/types\/post"}],"author":[{"embeddable":true,"href":"https:\/\/www.corumbaonline.com.br\/news\/wp-json\/wp\/v2\/users\/70"}],"replies":[{"embeddable":true,"href":"https:\/\/www.corumbaonline.com.br\/news\/wp-json\/wp\/v2\/comments?post=11711995"}],"version-history":[{"count":1,"href":"https:\/\/www.corumbaonline.com.br\/news\/wp-json\/wp\/v2\/posts\/11711995\/revisions"}],"predecessor-version":[{"id":11711997,"href":"https:\/\/www.corumbaonline.com.br\/news\/wp-json\/wp\/v2\/posts\/11711995\/revisions\/11711997"}],"wp:featuredmedia":[{"embeddable":true,"href":"https:\/\/www.corumbaonline.com.br\/news\/wp-json\/wp\/v2\/media\/11711996"}],"wp:attachment":[{"href":"https:\/\/www.corumbaonline.com.br\/news\/wp-json\/wp\/v2\/media?parent=11711995"}],"wp:term":[{"taxonomy":"category","embeddable":true,"href":"https:\/\/www.corumbaonline.com.br\/news\/wp-json\/wp\/v2\/categories?post=11711995"},{"taxonomy":"post_tag","embeddable":true,"href":"https:\/\/www.corumbaonline.com.br\/news\/wp-json\/wp\/v2\/tags?post=11711995"}],"curies":[{"name":"wp","href":"https:\/\/api.w.org\/{rel}","templated":true}]}}