{"id":11712008,"date":"2021-02-03T10:55:00","date_gmt":"2021-02-03T14:55:00","guid":{"rendered":"http:\/\/www.corumbaonline.com.br\/news\/?p=11712008"},"modified":"2021-02-03T11:28:36","modified_gmt":"2021-02-03T15:28:36","slug":"eduardo-cunha-e-tadeu-filipelli-sao-alvos-de-acao-do-mpdft","status":"publish","type":"post","link":"https:\/\/www.corumbaonline.com.br\/news\/eduardo-cunha-e-tadeu-filipelli-sao-alvos-de-acao-do-mpdft\/","title":{"rendered":"Eduardo Cunha e Tadeu Filipelli s\u00e3o alvos de a\u00e7\u00e3o do MPDFT"},"content":{"rendered":"<p>O Minist\u00e9rio P\u00fablico do Distrito Federal e Territ\u00f3rios (MPDFT) deflagrou, hoje (4), uma opera\u00e7\u00e3o para investigar a suspeita de que entre 2012 e 2014 empres\u00e1rios pagaram propina a pol\u00edticos em troca da redu\u00e7\u00e3o indevida da al\u00edquota cobrada de combust\u00edveis para a avia\u00e7\u00e3o civil no Distrito Federal.<img decoding=\"async\" src=\"https:\/\/agenciabrasil.ebc.com.br\/ebc.png?id=1400417&amp;o=node\" \/><img decoding=\"async\" src=\"https:\/\/agenciabrasil.ebc.com.br\/ebc.gif?id=1400417&amp;o=node\" \/><\/p>\n<p>O ex-presidente da C\u00e2mara dos Deputados Eduardo Cunha e o ex-deputado federal e ex-vice-governador do Distrito Federal Tadeu Filipelli, s\u00e3o alvos do cumprimento de mandados de busca e apreens\u00e3o autorizados pela Justi\u00e7a Criminal de Bras\u00edlia.<\/p>\n<p>Em nota, o Minist\u00e9rio P\u00fablico informou que 16 mandados judiciais est\u00e3o sendo cumpridos em Goi\u00e1s, Esp\u00edrito Santo, Rio de Janeiro e S\u00e3o Paulo, com o apoio dos grupos de Atua\u00e7\u00e3o Especial de Combate ao Crime Organizado (Gaeco) locais.<\/p>\n<p>De acordo com o MPDFT, o objetivo \u00e9 tentar reunir mais provas que ajudem na investiga\u00e7\u00e3o sobre o eventual \u201cpagamento de vantagem indevida\u201d em troca da redu\u00e7\u00e3o de 25% para 12% da al\u00edquota do Imposto sobre Opera\u00e7\u00f5es relativas \u00e0 Circula\u00e7\u00e3o de Mercadorias e sobre Presta\u00e7\u00f5es de Servi\u00e7os de Transporte Interestadual e Intermunicipal e de Comunica\u00e7\u00e3o (ICMS) no Distrito Federal.<\/p>\n<p>As suspeitas surgiram a partir do depoimento do doleiro L\u00facio Funaro \u00e0 Procuradoria-Geral da Rep\u00fablica (PGR), em 2017. Na \u00e9poca, al\u00e9m de afirmar ter repassado R$ 1 milh\u00e3o para que o ex-presidente da C\u00e2mara, o ent\u00e3o deputado federal pelo Rio de Janeiro Eduardo Cunha, \u201ccomprasse\u201d votos a favor do impeachment da ex-presidenta Dilma Rousseff, Funaro mencionou que Cunha e Filippelli tinham recebido propina para alterar uma lei distrital e reduzir a taxa do ICMS do querosene de avia\u00e7\u00e3o.\u00a0<a href=\"https:\/\/agenciabrasil.ebc.com.br\/politica\/noticia\/2017-08\/pgr-envia-ao-supremo-acordo-de-delacao-do-empresario-lucio-funaro\" target=\"_blank\" rel=\"noopener\">O depoimento foi posteriormente homologado<\/a>\u00a0pelo Supremo Tribunal Federal (STF) e parcialmente compartilhado com o MPDFT, que instaurou uma investiga\u00e7\u00e3o.<\/p>\n<h2>Outro lado<\/h2>\n<p>Em nota, o escrit\u00f3rio Figueiredo &amp; Vellloso Associados, que representa Eduardo Cunha, classificou a a\u00e7\u00e3o do MP como um \u201cretorno ao famigerado per\u00edodo das pirotecnias acusat\u00f3rias\u201d.<\/p>\n<p>\u201cN\u00e3o h\u00e1 d\u00favida de que se trata de algo fabricado politicamente, com o intuito de retaliar, de forma injusta, algu\u00e9m que vem cumprindo rigorosamente todas as condi\u00e7\u00f5es que lhe foram impostas pela Justi\u00e7a ao conceder a pris\u00e3o domiciliar\u201d, disse a defesa do ex-deputado.<\/p>\n<p><a href=\"https:\/\/agenciabrasil.ebc.com.br\/justica\/noticia\/2020-03\/justica-autoriza-prisao-domiciliar-para-eduardo-cunha\" target=\"_blank\" rel=\"noopener\">Eduardo Cunha cumpre pris\u00e3o domiciliar<\/a>, no Rio de Janeiro, em fun\u00e7\u00e3o da pandemia do novo coronav\u00edrus (covid-19). Em mar\u00e7o de 2017,\u00a0<a href=\"https:\/\/agenciabrasil.ebc.com.br\/politica\/noticia\/2017-03\/moro-condena-eduardo-cunha-15-anos-de-prisao-por-lavagem-de-dinheiro\" target=\"_blank\" rel=\"noopener\">Cunha foi condenado a 15 anos e quatro meses de pris\u00e3o<\/a>, em regime fechado, pelos crimes de corrup\u00e7\u00e3o, lavagem de dinheiro e evas\u00e3o de divisas.<\/p>\n<p>Ainda na nota, a defesa do ex-deputado questiona a legalidade da a\u00e7\u00e3o executada pelo MP com a autoriza\u00e7\u00e3o judicial. \u201cN\u00e3o se buscou nem mesmo disfar\u00e7ar tamanha ilegalidade. Os pr\u00f3prios investigadores confessam que os fatos, os quais n\u00e3o guardam qualquer rela\u00e7\u00e3o com Eduardo Cunha, s\u00e3o antigos, n\u00e3o passam de 2014. A defesa do ex-deputado confia nas inst\u00e2ncias superiores do Poder Judici\u00e1rio para corrigir tamanha ilegalidade.&#8221;<\/p>\n<p>O advogado do ex-deputado Tadeu Filipelli, Alexandre Queiroz, disse \u00e0\u00a0<strong>Ag\u00eancia Brasil<\/strong>\u00a0que ainda n\u00e3o teve acesso \u00e0s alega\u00e7\u00f5es do MPDFT para justificar o pedido de mandado de busca e apreens\u00e3o, e que s\u00f3 se manifestar\u00e1 sobre a opera\u00e7\u00e3o ap\u00f3s ter acesso aos autos.<\/p>\n","protected":false},"excerpt":{"rendered":"<p>O Minist\u00e9rio P\u00fablico do Distrito Federal e Territ\u00f3rios (MPDFT) deflagrou, hoje (4), uma opera\u00e7\u00e3o para&#8230;<\/p>\n","protected":false},"author":4,"featured_media":11712009,"comment_status":"closed","ping_status":"closed","sticky":false,"template":"","format":"standard","meta":{"footnotes":""},"categories":[19,18],"tags":[],"class_list":["post-11712008","post","type-post","status-publish","format-standard","has-post-thumbnail","hentry","category-politica","category-seguranca"],"_links":{"self":[{"href":"https:\/\/www.corumbaonline.com.br\/news\/wp-json\/wp\/v2\/posts\/11712008","targetHints":{"allow":["GET"]}}],"collection":[{"href":"https:\/\/www.corumbaonline.com.br\/news\/wp-json\/wp\/v2\/posts"}],"about":[{"href":"https:\/\/www.corumbaonline.com.br\/news\/wp-json\/wp\/v2\/types\/post"}],"author":[{"embeddable":true,"href":"https:\/\/www.corumbaonline.com.br\/news\/wp-json\/wp\/v2\/users\/4"}],"replies":[{"embeddable":true,"href":"https:\/\/www.corumbaonline.com.br\/news\/wp-json\/wp\/v2\/comments?post=11712008"}],"version-history":[{"count":1,"href":"https:\/\/www.corumbaonline.com.br\/news\/wp-json\/wp\/v2\/posts\/11712008\/revisions"}],"predecessor-version":[{"id":11712010,"href":"https:\/\/www.corumbaonline.com.br\/news\/wp-json\/wp\/v2\/posts\/11712008\/revisions\/11712010"}],"wp:featuredmedia":[{"embeddable":true,"href":"https:\/\/www.corumbaonline.com.br\/news\/wp-json\/wp\/v2\/media\/11712009"}],"wp:attachment":[{"href":"https:\/\/www.corumbaonline.com.br\/news\/wp-json\/wp\/v2\/media?parent=11712008"}],"wp:term":[{"taxonomy":"category","embeddable":true,"href":"https:\/\/www.corumbaonline.com.br\/news\/wp-json\/wp\/v2\/categories?post=11712008"},{"taxonomy":"post_tag","embeddable":true,"href":"https:\/\/www.corumbaonline.com.br\/news\/wp-json\/wp\/v2\/tags?post=11712008"}],"curies":[{"name":"wp","href":"https:\/\/api.w.org\/{rel}","templated":true}]}}