{"id":11712013,"date":"2021-02-03T11:21:00","date_gmt":"2021-02-03T15:21:00","guid":{"rendered":"http:\/\/www.corumbaonline.com.br\/news\/?p=11712013"},"modified":"2021-02-03T11:31:44","modified_gmt":"2021-02-03T15:31:44","slug":"alms-deputados-aprovam-tres-projetos-de-lei-nesta-quarta-feira","status":"publish","type":"post","link":"https:\/\/www.corumbaonline.com.br\/news\/alms-deputados-aprovam-tres-projetos-de-lei-nesta-quarta-feira\/","title":{"rendered":"ALMS: deputados aprovam tr\u00eas projetos de lei nesta quarta-feira"},"content":{"rendered":"<p>Na sess\u00e3o ordin\u00e1ria desta quarta-feira (3) na Assembleia Legislativa de Mato Grosso do Sul (ALEMS), os deputados votaram sobre quatro mat\u00e9rias, sendo tr\u00eas projetos de lei e um of\u00edcio encaminhado pela 1\u00aa Vara Criminal de Campo Grande.<\/p>\n<p>Em reda\u00e7\u00e3o final, os deputados aprovaram o\u00a0<a href=\"http:\/\/sgpl.consulta.al.ms.gov.br\/sgpl-publico\/#\/linha-tempo?idProposicao=89403\" target=\"_blank\" rel=\"noopener\">Projeto de Lei 104 de 2020<\/a>, de autoria de Pedro Kemp (PT). A proposta determina a inclus\u00e3o de int\u00e9rprete da L\u00edngua Brasileira de Sinais \u2013 LIBRAS nos telejornais da rede p\u00fablica de televis\u00e3o, nas pe\u00e7as publicit\u00e1rias e programas institucionais no \u00e2mbito de Mato Grosso do Sul.<\/p>\n<p>J\u00e1 em segunda discuss\u00e3o, foi aprovado o\u00a0<a href=\"http:\/\/sgpl.consulta.al.ms.gov.br\/sgpl-publico\/#\/linha-tempo?idProposicao=88811\" target=\"_blank\" rel=\"noopener\">Projeto de Lei 50 de 2020<\/a>. O autor \u00e9 o deputado Renato C\u00e2mara (DEM) e a proposta disp\u00f5e sobre os requisitos m\u00ednimos a serem adotados para a elabora\u00e7\u00e3o dos Planos de Conting\u00eancia das Arboviroses Urbanas em Mato Grosso do Sul. Arboviroses s\u00e3o as doen\u00e7as causadas por arbov\u00edrus, como o v\u00edrus da dengue, zika v\u00edrus, febre chikungunya e febre amarela.<\/p>\n<p>Tamb\u00e9m foi aprovado o\u00a0<a href=\"http:\/\/sgpl.consulta.al.ms.gov.br\/sgpl-publico\/#\/linha-tempo?idProposicao=86960\" target=\"_blank\" rel=\"noopener\">Projeto de Lei 279 de 2019<\/a>, de autoria de Marcio Fernandes (DEM), em primeira discuss\u00e3o. A proposta disp\u00f5e sobre medidas de preven\u00e7\u00e3o ao uso de drogas il\u00edcitas em universidades particulares e p\u00fablicas no estado de Mato Grosso do Sul.<\/p>\n<p>Os deputados votaram, ainda, of\u00edcio encaminhado pela 1\u00aa Vara Criminal de Campo Grande. O of\u00edcio visa consultar a Assembleia Legislativa sobre aplica\u00e7\u00e3o de medidas cautelares aplicadas a deputado, se essas medidas restringiriam ou n\u00e3o, limitariam ou n\u00e3o, a atividade parlamentar. Em vota\u00e7\u00e3o \u00fanica, a resposta da Casa de Leis foi positiva, com a afirma\u00e7\u00e3o, portanto, de que medidas cautelares aplicadas em a\u00e7\u00e3o penal restringem a atividade parlamentar. O posicionamento foi encaminhado \u00e0 Secretaria de Assuntos Legislativos e Jur\u00eddicos (SALJ), para que a resposta seja formalmente encaminhada ao juiz solicitante.<\/p>\n<p>As sess\u00f5es ordin\u00e1rias da Assembleia Legislativa s\u00e3o realizadas todas as ter\u00e7as, quartas e quintas-feiras e podem ser acompanhadas por toda popula\u00e7\u00e3o, sendo transmitidas ao vivo pelas\u00a0<a href=\"https:\/\/www.youtube.com\/channel\/UCEdaprsWfgfUDh5joar1hCA\" target=\"_blank\" rel=\"noopener\">redes sociais da Casa de Leis<\/a>.<\/p>\n","protected":false},"excerpt":{"rendered":"<p>Na sess\u00e3o ordin\u00e1ria desta quarta-feira (3) na Assembleia Legislativa de Mato Grosso do Sul (ALEMS),&#8230;<\/p>\n","protected":false},"author":12,"featured_media":0,"comment_status":"closed","ping_status":"closed","sticky":false,"template":"","format":"standard","meta":{"footnotes":""},"categories":[19],"tags":[],"class_list":["post-11712013","post","type-post","status-publish","format-standard","hentry","category-politica"],"_links":{"self":[{"href":"https:\/\/www.corumbaonline.com.br\/news\/wp-json\/wp\/v2\/posts\/11712013","targetHints":{"allow":["GET"]}}],"collection":[{"href":"https:\/\/www.corumbaonline.com.br\/news\/wp-json\/wp\/v2\/posts"}],"about":[{"href":"https:\/\/www.corumbaonline.com.br\/news\/wp-json\/wp\/v2\/types\/post"}],"author":[{"embeddable":true,"href":"https:\/\/www.corumbaonline.com.br\/news\/wp-json\/wp\/v2\/users\/12"}],"replies":[{"embeddable":true,"href":"https:\/\/www.corumbaonline.com.br\/news\/wp-json\/wp\/v2\/comments?post=11712013"}],"version-history":[{"count":1,"href":"https:\/\/www.corumbaonline.com.br\/news\/wp-json\/wp\/v2\/posts\/11712013\/revisions"}],"predecessor-version":[{"id":11712014,"href":"https:\/\/www.corumbaonline.com.br\/news\/wp-json\/wp\/v2\/posts\/11712013\/revisions\/11712014"}],"wp:attachment":[{"href":"https:\/\/www.corumbaonline.com.br\/news\/wp-json\/wp\/v2\/media?parent=11712013"}],"wp:term":[{"taxonomy":"category","embeddable":true,"href":"https:\/\/www.corumbaonline.com.br\/news\/wp-json\/wp\/v2\/categories?post=11712013"},{"taxonomy":"post_tag","embeddable":true,"href":"https:\/\/www.corumbaonline.com.br\/news\/wp-json\/wp\/v2\/tags?post=11712013"}],"curies":[{"name":"wp","href":"https:\/\/api.w.org\/{rel}","templated":true}]}}