{"id":11712031,"date":"2021-02-04T08:30:00","date_gmt":"2021-02-04T12:30:00","guid":{"rendered":"http:\/\/www.corumbaonline.com.br\/news\/?p=11712031"},"modified":"2021-02-04T10:32:10","modified_gmt":"2021-02-04T14:32:10","slug":"parlamentares-devem-votar-tres-projetos-em-primeira-discussao-nesta-quinta-feira","status":"publish","type":"post","link":"https:\/\/www.corumbaonline.com.br\/news\/parlamentares-devem-votar-tres-projetos-em-primeira-discussao-nesta-quinta-feira\/","title":{"rendered":"Parlamentares devem votar tr\u00eas projetos em primeira discuss\u00e3o nesta quinta-feira"},"content":{"rendered":"<p>Tr\u00eas propostas est\u00e3o pautadas para a Ordem do Dia da sess\u00e3o plen\u00e1ria desta quinta-feira (4) da Assembleia Legislativa de Mato Grosso do Sul (ALEMS). Trata-se dos Projetos de Lei\u00a0<a href=\"http:\/\/sgpl.consulta.al.ms.gov.br\/sgpl-publico\/#\/linha-tempo?idProposicao=88855\" target=\"_blank\" rel=\"noopener\">58\/2020<\/a>,\u00a0<a href=\"http:\/\/sgpl.consulta.al.ms.gov.br\/sgpl-publico\/#\/linha-tempo?idProposicao=91000\" target=\"_blank\" rel=\"noopener\">200\/2020<\/a>\u00a0e\u00a0<a href=\"http:\/\/sgpl.consulta.al.ms.gov.br\/sgpl-publico\/#\/linha-tempo?idProposicao=91019\" target=\"_blank\" rel=\"noopener\">203\/2020<\/a>, que ser\u00e3o analisados em primeira discuss\u00e3o. A sess\u00e3o tem in\u00edcio \u00e0s 9h e pode ser acompanhada pelos canais oficiais da Casa de Leis.<\/p>\n<p>De autoria do deputado Z\u00e9 Teixeira (DEM), o Projeto de Lei 58\/2020 obriga as concession\u00e1rias de servi\u00e7os p\u00fablicos essenciais e as operadoras de planos de sa\u00fade a divulgarem, nas faturas, mensagens de incentivo \u00e0 doa\u00e7\u00e3o de sangue. De acordo com a proposta, nas faturas dever\u00e1 constar a frase \u201cDoe sangue e ajude a salvar vidas\u201d. Tamb\u00e9m dever\u00e1 ser informado o local de doa\u00e7\u00e3o mais pr\u00f3ximo da resid\u00eancia do consumidor.<\/p>\n<p>Proposto pelo deputado Pedro Kemp (PT), o Projeto de Lei 200\/2020 veda reten\u00e7\u00f5es ou descontos no pagamento de recursos emergenciais ao setor cultural. Caso a proposta seja aprovada e sancionada, os editais j\u00e1 publicados tamb\u00e9m ser\u00e3o alcan\u00e7ados por esta norma, ficando revogados os eventuais dispositivos que a contrariem. De acordo com o parlamentar, este projeto \u00e9 uma reivindica\u00e7\u00e3o do F\u00f3rum Estadual de Cultura.<\/p>\n<p>O Projeto de Lei 203\/2020 cria a Pol\u00edtica Estadual de Incentivo \u00e0 Perman\u00eancia de Jovens e Adultos no Meio Rural por meio da Qualifica\u00e7\u00e3o da Oferta Educacional. De autoria do deputado Ant\u00f4nio Vaz (Republicanos), essa pol\u00edtica visa implementar a\u00e7\u00f5es de est\u00edmulo \u00e0 perman\u00eancia do educando na \u00e1rea rural, proporcionando condi\u00e7\u00f5es para a escolha do campo como lugar para viver e da agricultura como profiss\u00e3o.<\/p>\n<p>As sess\u00f5es ordin\u00e1rias da ALEMS s\u00e3o realizadas\u00a0\u00e0s ter\u00e7as, quartas e quintas-feiras, com in\u00edcio \u00e0s 9h, e s\u00e3o transmitidas\u00a0ao vivo pelo canal 9 da Claro\u00a0Net TV,\u00a0<a href=\"https:\/\/al.ms.gov.br\/TvAssembleia\" target=\"_blank\" rel=\"noopener\">TV ALEMS<\/a>,\u00a0<a href=\"https:\/\/www.youtube.com\/c\/assembleialegislativadems\" target=\"_blank\" rel=\"noopener\">Youtube<\/a>,\u00a0<a href=\"https:\/\/www.facebook.com\/assembleiams\" target=\"_blank\" rel=\"noopener\">Facebook<\/a>,\u00a0<a href=\"https:\/\/al.ms.gov.br\/RadioAssembleia\/Audios?idMenu=601\" target=\"_blank\" rel=\"noopener\">R\u00e1dio ALEMS<\/a>\u00a0e aplicativo Assembleia MS (<a href=\"https:\/\/play.google.com\/store\/apps\/details?id=br.com.app.gpu1553513.gpu40f07c507865e03ef66422c7404ba120&amp;hl=pt_BR\" target=\"_blank\" rel=\"noopener\">Android<\/a>\/<a href=\"https:\/\/apps.apple.com\/br\/app\/assembleia-legislativa-do-ms\/id1185708415\" target=\"_blank\" rel=\"noopener\">iOS<\/a>).<\/p>\n","protected":false},"excerpt":{"rendered":"<p>Tr\u00eas propostas est\u00e3o pautadas para a Ordem do Dia da sess\u00e3o plen\u00e1ria desta quinta-feira (4)&#8230;<\/p>\n","protected":false},"author":12,"featured_media":0,"comment_status":"closed","ping_status":"closed","sticky":false,"template":"","format":"standard","meta":{"footnotes":""},"categories":[19],"tags":[],"class_list":["post-11712031","post","type-post","status-publish","format-standard","hentry","category-politica"],"_links":{"self":[{"href":"https:\/\/www.corumbaonline.com.br\/news\/wp-json\/wp\/v2\/posts\/11712031","targetHints":{"allow":["GET"]}}],"collection":[{"href":"https:\/\/www.corumbaonline.com.br\/news\/wp-json\/wp\/v2\/posts"}],"about":[{"href":"https:\/\/www.corumbaonline.com.br\/news\/wp-json\/wp\/v2\/types\/post"}],"author":[{"embeddable":true,"href":"https:\/\/www.corumbaonline.com.br\/news\/wp-json\/wp\/v2\/users\/12"}],"replies":[{"embeddable":true,"href":"https:\/\/www.corumbaonline.com.br\/news\/wp-json\/wp\/v2\/comments?post=11712031"}],"version-history":[{"count":1,"href":"https:\/\/www.corumbaonline.com.br\/news\/wp-json\/wp\/v2\/posts\/11712031\/revisions"}],"predecessor-version":[{"id":11712032,"href":"https:\/\/www.corumbaonline.com.br\/news\/wp-json\/wp\/v2\/posts\/11712031\/revisions\/11712032"}],"wp:attachment":[{"href":"https:\/\/www.corumbaonline.com.br\/news\/wp-json\/wp\/v2\/media?parent=11712031"}],"wp:term":[{"taxonomy":"category","embeddable":true,"href":"https:\/\/www.corumbaonline.com.br\/news\/wp-json\/wp\/v2\/categories?post=11712031"},{"taxonomy":"post_tag","embeddable":true,"href":"https:\/\/www.corumbaonline.com.br\/news\/wp-json\/wp\/v2\/tags?post=11712031"}],"curies":[{"name":"wp","href":"https:\/\/api.w.org\/{rel}","templated":true}]}}