{"id":11712047,"date":"2021-02-04T10:37:00","date_gmt":"2021-02-04T14:37:00","guid":{"rendered":"http:\/\/www.corumbaonline.com.br\/news\/?p=11712047"},"modified":"2021-02-04T11:02:16","modified_gmt":"2021-02-04T15:02:16","slug":"ifms-divulga-inscritos-na-especializacao-em-docencia-para-a-educacao-profissional-cientifica-e-tecnologica","status":"publish","type":"post","link":"https:\/\/www.corumbaonline.com.br\/news\/ifms-divulga-inscritos-na-especializacao-em-docencia-para-a-educacao-profissional-cientifica-e-tecnologica\/","title":{"rendered":"IFMS divulga inscritos na especializa\u00e7\u00e3o em Doc\u00eancia para a Educa\u00e7\u00e3o Profissional, Cient\u00edfica e Tecnol\u00f3gica"},"content":{"rendered":"<p>O Instituto Federal de Mato Grosso do Sul (IFMS) publicou nessa quarta-feira, 3, as listas de inscritos para o curso de Especializa\u00e7\u00e3o em Doc\u00eancia para a Educa\u00e7\u00e3o Profissional, Cient\u00edfica e Tecnol\u00f3gica.<\/p>\n<p>As\u00a0<a title=\"inscri\u00e7\u00f5es deferidas para Corumb\u00e1, Ponta Por\u00e3, Tr\u00eas Lagoas\" href=\"http:\/\/www.ifms.edu.br:9000\/lists\/lt.php?tid=KxkNUVNeVgZRBEtRUlhXTlAHAFBOAQkNDxsNX1ADBlJTAVYFVQEfUgEHUFMHWV1OVQQBA04NCgkPG1lSAgJPUAdRV1NdAVECBgMHH1ICAwYCUlcDTghaXAYbDFZQBk8JVlZUH1AKVgBWAgNWVAIABw\" target=\"_blank\" rel=\"noopener noreferrer\">inscri\u00e7\u00f5es deferidas para Corumb\u00e1, Ponta Por\u00e3, Tr\u00eas Lagoas<\/a>\u00a0(edital n\u00b0 002\/2021) e\u00a0<a title=\"Campo Grande\" href=\"http:\/\/www.ifms.edu.br:9000\/lists\/lt.php?tid=KxlQUwdcVgZQA0tQUQVQTlBTVwNOAFwLDxsBVQMDUwNUBFMLBA4fUgEHUFMHWV1OVQQBA04NCgkPG1lSAgJPUAdRV1NdAVECBgMHH1ICAwYCUlcDTghaXAYbDFZQBk8JVlZUH1AKVgBWAgNWVAIABw\" target=\"_blank\" rel=\"noopener noreferrer\">Campo Grande<\/a>\u00a0(edital n\u00b0 003\/2021) est\u00e3o dispon\u00edveis na Central de Sele\u00e7\u00e3o.<\/p>\n<p>Em ambos editais, o prazo para interpor recurso contra as listas de inscritos segue at\u00e9 esta sexta-feira, 5.<\/p>\n<p><a title=\"Em Navira\u00ed, o prazo para inscri\u00e7\u00e3o foi prorrogado\" href=\"http:\/\/www.ifms.edu.br:9000\/lists\/lt.php?tid=KxkBBwEOBwEGWEtWUVdWTlAEUAROAAAPAhsMXwMBVlBQV1MKUQEfUgEHUFMHWV1OVQQBA04NCgkPG1lSAgJPUAdRV1NdAVECBgMHH1ICAwYCUlcDTghaXAYbDFZQBk8JVlZUH1AKVgBWAgNWVAIABw\" target=\"_blank\" rel=\"noopener noreferrer\">Em Navira\u00ed, o prazo para inscri\u00e7\u00e3o foi prorrogado<\/a>\u00a0at\u00e9 a pr\u00f3xima ter\u00e7a-feira, 9.<\/p>\n<p><b>Sele\u00e7\u00e3o<\/b>\u00a0&#8211; Em Campo Grande, Corumb\u00e1, Ponta Por\u00e3 e Tr\u00eas Lagoas, os candidatos ser\u00e3o selecionados por meio de sorteio eletr\u00f4nico a ser realizado at\u00e9 10 de fevereiro.<\/p>\n<p>Nesses munic\u00edpios, o resultado final do processo seletivo ser\u00e1 divulgado at\u00e9 18 de fevereiro, com matr\u00edculas entre os dias 22 e 26 do mesmo m\u00eas. As aulas ter\u00e3o in\u00edcio no dia 1\u00ba de mar\u00e7o.<\/p>\n<p>Em Navira\u00ed, a sele\u00e7\u00e3o ser\u00e1 feita por meio da aplica\u00e7\u00e3o de prova escrita, prevista para 21 de fevereiro, de acordo com o\u00a0<a title=\"novo cronograma do processo seletivo\" href=\"http:\/\/www.ifms.edu.br:9000\/lists\/lt.php?tid=KxkDAABZUwAHBEtbU1RTTlAEAQdOAVwMUhteBAEDAwZQVVAGBAofUgEHUFMHWV1OVQQBA04NCgkPG1lSAgJPUAdRV1NdAVECBgMHH1ICAwYCUlcDTghaXAYbDFZQBk8JVlZUH1AKVgBWAgNWVAIABw\" target=\"_blank\" rel=\"noopener noreferrer\">novo cronograma do processo seletivo<\/a>, e entrevista online, a ser realizada no per\u00edodo de 15 a 17 de mar\u00e7o.<\/p>\n<p>A divulga\u00e7\u00e3o do resultado final est\u00e1 prevista para 24 de mar\u00e7o, com matr\u00edculas entre os dias 25 e 31 do mesmo m\u00eas. As aulas ter\u00e3o in\u00edcio no dia 1\u00ba de abril.<\/p>\n<p>Os editais informam que\u00a0<a title=\"durante a suspens\u00e3o das atividades presenciais no do IFMS\" href=\"http:\/\/www.ifms.edu.br:9000\/lists\/lt.php?tid=KxlTUAEAUQlXUEtUAVZVTlAEAlBOAQ8ODxsOAwAAVQZUVQMBAw8fUgEHUFMHWV1OVQQBA04NCgkPG1lSAgJPUAdRV1NdAVECBgMHH1ICAwYCUlcDTghaXAYbDFZQBk8JVlZUH1AKVgBWAgNWVAIABw\" target=\"_blank\" rel=\"noopener noreferrer\">durante a suspens\u00e3o das atividades presenciais no do IFMS<\/a>, em raz\u00e3o da pandemia de Covid-19, as aulas ser\u00e3o realizadas de forma remota.<\/p>\n\n\n<p><\/p>\n","protected":false},"excerpt":{"rendered":"<p>O Instituto Federal de Mato Grosso do Sul (IFMS) publicou nessa quarta-feira, 3, as listas&#8230;<\/p>\n","protected":false},"author":9,"featured_media":0,"comment_status":"closed","ping_status":"closed","sticky":false,"template":"","format":"standard","meta":{"footnotes":""},"categories":[10],"tags":[],"class_list":["post-11712047","post","type-post","status-publish","format-standard","hentry","category-educacao"],"_links":{"self":[{"href":"https:\/\/www.corumbaonline.com.br\/news\/wp-json\/wp\/v2\/posts\/11712047","targetHints":{"allow":["GET"]}}],"collection":[{"href":"https:\/\/www.corumbaonline.com.br\/news\/wp-json\/wp\/v2\/posts"}],"about":[{"href":"https:\/\/www.corumbaonline.com.br\/news\/wp-json\/wp\/v2\/types\/post"}],"author":[{"embeddable":true,"href":"https:\/\/www.corumbaonline.com.br\/news\/wp-json\/wp\/v2\/users\/9"}],"replies":[{"embeddable":true,"href":"https:\/\/www.corumbaonline.com.br\/news\/wp-json\/wp\/v2\/comments?post=11712047"}],"version-history":[{"count":1,"href":"https:\/\/www.corumbaonline.com.br\/news\/wp-json\/wp\/v2\/posts\/11712047\/revisions"}],"predecessor-version":[{"id":11712048,"href":"https:\/\/www.corumbaonline.com.br\/news\/wp-json\/wp\/v2\/posts\/11712047\/revisions\/11712048"}],"wp:attachment":[{"href":"https:\/\/www.corumbaonline.com.br\/news\/wp-json\/wp\/v2\/media?parent=11712047"}],"wp:term":[{"taxonomy":"category","embeddable":true,"href":"https:\/\/www.corumbaonline.com.br\/news\/wp-json\/wp\/v2\/categories?post=11712047"},{"taxonomy":"post_tag","embeddable":true,"href":"https:\/\/www.corumbaonline.com.br\/news\/wp-json\/wp\/v2\/tags?post=11712047"}],"curies":[{"name":"wp","href":"https:\/\/api.w.org\/{rel}","templated":true}]}}