{"id":11712052,"date":"2021-02-04T11:03:00","date_gmt":"2021-02-04T15:03:00","guid":{"rendered":"http:\/\/www.corumbaonline.com.br\/news\/?p=11712052"},"modified":"2021-02-04T12:00:14","modified_gmt":"2021-02-04T16:00:14","slug":"apos-agressoes-ex-casal-vai-parar-na-delegacia","status":"publish","type":"post","link":"https:\/\/www.corumbaonline.com.br\/news\/apos-agressoes-ex-casal-vai-parar-na-delegacia\/","title":{"rendered":"Ap\u00f3s agress\u00f5es ex-casal vai parar na Delegacia"},"content":{"rendered":"<p>A guarni\u00e7\u00e3o de For\u00e7a T\u00e1tica da Pol\u00edcia Militar foi acionada por volta 0h30 desta quinta-feira (4) para atender ocorr\u00eancia de viol\u00eancia dom\u00e9stica na rua Dom Pedro II, \u00e1rea central de Lad\u00e1rio. O homem, de 40 anos, acusa sua ex-companheira, de 31 anos, de agress\u00e3o. Ele relatou que desde sexta-feira tenta contato com sua ex-companheira para levar o filho, ao qual possui a guarda compartilhada e que na data referida foi at\u00e9 a casa da mulher, onde a mesma o agrediu com unhas, causando les\u00f5es. J\u00e1 a mulher relatou que o homem a enforcou e s\u00f3 soltou quando o seu filho come\u00e7ou a chorar. Ela informou que possui medida protetiva contra o ex-companheiro, mas que as vezes o encontra por vontade pr\u00f3pria.<\/p>\n<p>Os dois foram encaminhados \u00e0 Delegacia de Pol\u00edcia Civil de Corumb\u00e1.<\/p>\n","protected":false},"excerpt":{"rendered":"<p>A guarni\u00e7\u00e3o de For\u00e7a T\u00e1tica da Pol\u00edcia Militar foi acionada por volta 0h30 desta quinta-feira&#8230;<\/p>\n","protected":false},"author":6,"featured_media":0,"comment_status":"closed","ping_status":"closed","sticky":false,"template":"","format":"standard","meta":{"footnotes":""},"categories":[18],"tags":[],"class_list":["post-11712052","post","type-post","status-publish","format-standard","hentry","category-seguranca"],"_links":{"self":[{"href":"https:\/\/www.corumbaonline.com.br\/news\/wp-json\/wp\/v2\/posts\/11712052","targetHints":{"allow":["GET"]}}],"collection":[{"href":"https:\/\/www.corumbaonline.com.br\/news\/wp-json\/wp\/v2\/posts"}],"about":[{"href":"https:\/\/www.corumbaonline.com.br\/news\/wp-json\/wp\/v2\/types\/post"}],"author":[{"embeddable":true,"href":"https:\/\/www.corumbaonline.com.br\/news\/wp-json\/wp\/v2\/users\/6"}],"replies":[{"embeddable":true,"href":"https:\/\/www.corumbaonline.com.br\/news\/wp-json\/wp\/v2\/comments?post=11712052"}],"version-history":[{"count":1,"href":"https:\/\/www.corumbaonline.com.br\/news\/wp-json\/wp\/v2\/posts\/11712052\/revisions"}],"predecessor-version":[{"id":11712053,"href":"https:\/\/www.corumbaonline.com.br\/news\/wp-json\/wp\/v2\/posts\/11712052\/revisions\/11712053"}],"wp:attachment":[{"href":"https:\/\/www.corumbaonline.com.br\/news\/wp-json\/wp\/v2\/media?parent=11712052"}],"wp:term":[{"taxonomy":"category","embeddable":true,"href":"https:\/\/www.corumbaonline.com.br\/news\/wp-json\/wp\/v2\/categories?post=11712052"},{"taxonomy":"post_tag","embeddable":true,"href":"https:\/\/www.corumbaonline.com.br\/news\/wp-json\/wp\/v2\/tags?post=11712052"}],"curies":[{"name":"wp","href":"https:\/\/api.w.org\/{rel}","templated":true}]}}