{"id":11712127,"date":"2021-02-08T09:49:00","date_gmt":"2021-02-08T13:49:00","guid":{"rendered":"http:\/\/www.corumbaonline.com.br\/news\/?p=11712127"},"modified":"2021-02-08T10:08:23","modified_gmt":"2021-02-08T14:08:23","slug":"sesc-cultura-tem-exposicao-e-audiovisual-sobre-a-artista-plastica-thetis-selingard-e-sessoes-do-cine-sesc","status":"publish","type":"post","link":"https:\/\/www.corumbaonline.com.br\/news\/sesc-cultura-tem-exposicao-e-audiovisual-sobre-a-artista-plastica-thetis-selingard-e-sessoes-do-cine-sesc\/","title":{"rendered":"Sesc Cultura tem exposi\u00e7\u00e3o e audiovisual sobre a artista pl\u00e1stica Thetis Selingard e sess\u00f5es do Cine Sesc"},"content":{"rendered":"<p>A semana do Sesc Cultura traz a\u00e7\u00f5es nas linguagens das artes pl\u00e1sticas e cinema, tudo com participa\u00e7\u00e3o gratuita. A unidade segue todas as normas de biosseguran\u00e7a, com distanciamento, limita\u00e7\u00e3o de p\u00fablico e uso obrigat\u00f3rio de m\u00e1scaras.<\/p>\n<p>Seguem abertas as visita\u00e7\u00f5es \u00e0 exposi\u00e7\u00e3o &#8220;Entrega&#8221; com obras de Thetis Selingardi. Na quinta-feira, 11, \u00e0s 19 horas, ser\u00e1 exibido o Audiovisual que apresenta, trajet\u00f3rias, processos criativos, inspira\u00e7\u00f5es e intimidade da artista consagrada Thetis Selingardi. O encontro contar\u00e1 com transmiss\u00e3o ao vivo nas redes sociais do Sesc Cultura.<\/p>\n<p>O Cine Sesc tem sess\u00f5es na ter\u00e7a dia 09, \u00e0s 19h e na quinta-feira, \u00e0s 15h e \u00e0s 19 horas, com exibi\u00e7\u00e3o de &#8220;A doce vida&#8221; (1960). O filme \u00e9 dirigido por Federico Fellini, que ser\u00e1 homenageado ao longo deste m\u00eas, nas exibi\u00e7\u00f5es do Cine Sesc.<\/p>\n<p>Sinpose \u2013 Na Roma, do in\u00edcio dos anos 60, o jornalista Marcello vive entre as celebridades, ricos e fot\u00f3grafos que lotam a badalada Via Veneto. Neste mundo marcado por um vazio existencial, Marcello frequenta festas, conhece os tipos mais extravagantes e descobre um novo sentido para a vida.<\/p>\n<p>Confira o Trailer:\u00a0<a href=\"https:\/\/www.youtube.com\/watch?v=TVtzIxwbsuE\" target=\"_blank\" rel=\"noopener noreferrer\">https:\/\/www.youtube.com\/watch?v=TVtzIxwbsuE<\/a><\/p>\n","protected":false},"excerpt":{"rendered":"<p>A semana do Sesc Cultura traz a\u00e7\u00f5es nas linguagens das artes pl\u00e1sticas e cinema, tudo&#8230;<\/p>\n","protected":false},"author":9,"featured_media":0,"comment_status":"closed","ping_status":"closed","sticky":false,"template":"","format":"standard","meta":{"footnotes":""},"categories":[7],"tags":[],"class_list":["post-11712127","post","type-post","status-publish","format-standard","hentry","category-cultura"],"_links":{"self":[{"href":"https:\/\/www.corumbaonline.com.br\/news\/wp-json\/wp\/v2\/posts\/11712127","targetHints":{"allow":["GET"]}}],"collection":[{"href":"https:\/\/www.corumbaonline.com.br\/news\/wp-json\/wp\/v2\/posts"}],"about":[{"href":"https:\/\/www.corumbaonline.com.br\/news\/wp-json\/wp\/v2\/types\/post"}],"author":[{"embeddable":true,"href":"https:\/\/www.corumbaonline.com.br\/news\/wp-json\/wp\/v2\/users\/9"}],"replies":[{"embeddable":true,"href":"https:\/\/www.corumbaonline.com.br\/news\/wp-json\/wp\/v2\/comments?post=11712127"}],"version-history":[{"count":1,"href":"https:\/\/www.corumbaonline.com.br\/news\/wp-json\/wp\/v2\/posts\/11712127\/revisions"}],"predecessor-version":[{"id":11712128,"href":"https:\/\/www.corumbaonline.com.br\/news\/wp-json\/wp\/v2\/posts\/11712127\/revisions\/11712128"}],"wp:attachment":[{"href":"https:\/\/www.corumbaonline.com.br\/news\/wp-json\/wp\/v2\/media?parent=11712127"}],"wp:term":[{"taxonomy":"category","embeddable":true,"href":"https:\/\/www.corumbaonline.com.br\/news\/wp-json\/wp\/v2\/categories?post=11712127"},{"taxonomy":"post_tag","embeddable":true,"href":"https:\/\/www.corumbaonline.com.br\/news\/wp-json\/wp\/v2\/tags?post=11712127"}],"curies":[{"name":"wp","href":"https:\/\/api.w.org\/{rel}","templated":true}]}}