{"id":11712134,"date":"2021-02-08T10:24:00","date_gmt":"2021-02-08T14:24:00","guid":{"rendered":"http:\/\/www.corumbaonline.com.br\/news\/?p=11712134"},"modified":"2021-02-08T10:44:10","modified_gmt":"2021-02-08T14:44:10","slug":"reitora-da-ufgd-e-exonerada-pelo-ministerio-da-educacao","status":"publish","type":"post","link":"https:\/\/www.corumbaonline.com.br\/news\/reitora-da-ufgd-e-exonerada-pelo-ministerio-da-educacao\/","title":{"rendered":"Reitora da UFGD \u00e9 exonerada pelo Minist\u00e9rio da Educa\u00e7\u00e3o"},"content":{"rendered":"<p>Por determina\u00e7\u00e3o do Ministro da Educa\u00e7\u00e3o, Milton Ribeiro, a pedagoga Mirlene Ferreira Macedo Dam\u00e1zio n\u00e3o \u00e9 mais a reitora para o tempore da\u00a0<a class=\"st_tag internal_tag\" title=\"Not\u00edcias sobre UFGD\" href=\"https:\/\/www.midiamax.com.br\/tag\/ufgd\" rel=\"tag\">UFGD<\/a>\u00a0(Universidade Federal da Grande Dourados).<\/p>\n<p>Ela foi dispensada do cargo nesta segunda-feira (8), por meio da Portaria n\u00famero 64, de 5 de fevereiro de 2021, publicada na edi\u00e7\u00e3o do Di\u00e1rio Oficial da Uni\u00e3o. Ela estava no cargo 11 de junho de 2019.<\/p>\n<p>Indicada pelo ent\u00e3o ministro da Educa\u00e7\u00e3o Abraham Weintraub, sua perman\u00eancia na reitoria foi alvo de diversas a\u00e7\u00f5es na Justi\u00e7a, em decorr\u00eancia do n\u00e3o cumprimento da lista tr\u00edplice liderada pelo professor Etienne Biasotto.<\/p>\n<p>Na mesma portaria que afasta Mirlene, que entra em vigoir nesta segunda-feira (8), o ministro da Educa\u00e7\u00e3o designa o professor Lino San\u00e1bria. Ele tamb\u00e9m assume o cargo como reitor para o tempore da\u00a0<a class=\"st_tag internal_tag\" title=\"Not\u00edcias sobre UFGD\" href=\"https:\/\/www.midiamax.com.br\/tag\/ufgd\" rel=\"tag\">UFGD<\/a>.<\/p>\n","protected":false},"excerpt":{"rendered":"<p>Por determina\u00e7\u00e3o do Ministro da Educa\u00e7\u00e3o, Milton Ribeiro, a pedagoga Mirlene Ferreira Macedo Dam\u00e1zio n\u00e3o&#8230;<\/p>\n","protected":false},"author":10,"featured_media":0,"comment_status":"closed","ping_status":"closed","sticky":false,"template":"","format":"standard","meta":{"footnotes":""},"categories":[10],"tags":[],"class_list":["post-11712134","post","type-post","status-publish","format-standard","hentry","category-educacao"],"_links":{"self":[{"href":"https:\/\/www.corumbaonline.com.br\/news\/wp-json\/wp\/v2\/posts\/11712134","targetHints":{"allow":["GET"]}}],"collection":[{"href":"https:\/\/www.corumbaonline.com.br\/news\/wp-json\/wp\/v2\/posts"}],"about":[{"href":"https:\/\/www.corumbaonline.com.br\/news\/wp-json\/wp\/v2\/types\/post"}],"author":[{"embeddable":true,"href":"https:\/\/www.corumbaonline.com.br\/news\/wp-json\/wp\/v2\/users\/10"}],"replies":[{"embeddable":true,"href":"https:\/\/www.corumbaonline.com.br\/news\/wp-json\/wp\/v2\/comments?post=11712134"}],"version-history":[{"count":1,"href":"https:\/\/www.corumbaonline.com.br\/news\/wp-json\/wp\/v2\/posts\/11712134\/revisions"}],"predecessor-version":[{"id":11712135,"href":"https:\/\/www.corumbaonline.com.br\/news\/wp-json\/wp\/v2\/posts\/11712134\/revisions\/11712135"}],"wp:attachment":[{"href":"https:\/\/www.corumbaonline.com.br\/news\/wp-json\/wp\/v2\/media?parent=11712134"}],"wp:term":[{"taxonomy":"category","embeddable":true,"href":"https:\/\/www.corumbaonline.com.br\/news\/wp-json\/wp\/v2\/categories?post=11712134"},{"taxonomy":"post_tag","embeddable":true,"href":"https:\/\/www.corumbaonline.com.br\/news\/wp-json\/wp\/v2\/tags?post=11712134"}],"curies":[{"name":"wp","href":"https:\/\/api.w.org\/{rel}","templated":true}]}}