{"id":11712173,"date":"2021-02-09T09:27:00","date_gmt":"2021-02-09T13:27:00","guid":{"rendered":"http:\/\/www.corumbaonline.com.br\/news\/?p=11712173"},"modified":"2021-02-09T10:13:25","modified_gmt":"2021-02-09T14:13:25","slug":"uems-oferece-mais-de-mil-vagas-para-candidatos-com-nota-do-enem","status":"publish","type":"post","link":"https:\/\/www.corumbaonline.com.br\/news\/uems-oferece-mais-de-mil-vagas-para-candidatos-com-nota-do-enem\/","title":{"rendered":"UEMS oferece mais de mil vagas para candidatos com nota do Enem"},"content":{"rendered":"<p style=\"box-sizing: border-box; margin-bottom: 2em; font-size: 16px; line-height: 1.8em; text-align: justify; color: #212529; font-family: 'Open Sans', sans-serif;\">Mais de mil vagas est\u00e3o dispon\u00edveis no Processo Seletivo Permanente UEMS 2021, da Universidade Estadual de Mato Grosso do Sul (UEMS). As inscri\u00e7\u00f5es para 54 cursos de gradua\u00e7\u00e3o, em 14 unidades da UEMS. Para se registrar no PSP-UEMS-2021 o candidato poder\u00e1 utilizar a nota do Exame Nacional de Ensino M\u00e9dio (ENEM) dos anos de 2015, 2016, 2017, 2018 e\/ou 2019.<\/p>\n<p style=\"box-sizing: border-box; margin-top: 0px; margin-bottom: 2em; font-size: 16px; line-height: 1.8em; text-align: justify; color: #212529; font-family: 'Open Sans', sans-serif;\">As inscri\u00e7\u00f5esest\u00e3o sendo realizadas exclusivamente pela Internet, entre as 8h desde do dia 26 de janeiro at\u00e9 \u00e0s 23h59min do dia 24 de fevereiro de 2021 (hor\u00e1rio oficial de Mato Grosso do Sul), no endere\u00e7o eletr\u00f4nico\u00a0<a style=\"box-sizing: border-box; color: #444444; text-decoration-line: none; background-color: transparent;\" href=\"https:\/\/candidato.uems.br\/\" target=\"_blank\" rel=\"noopener\">https:\/\/candidato.uems.br<\/a>\u00a0(Plataforma de Inscri\u00e7\u00e3o) ou\u00a0<a style=\"box-sizing: border-box; color: #444444; text-decoration-line: none; background-color: transparent;\" href=\"http:\/\/www.uems.br\/ingresso\" target=\"_blank\" rel=\"noopener\">http:\/\/www.uems.br\/ingresso<\/a>. N\u00e3o haver\u00e1 cobran\u00e7a de taxa de inscri\u00e7\u00e3o do candidato \u00e0s vagas ofertadas pela UEMS.<\/p>\n<p style=\"box-sizing: border-box; margin-top: 0px; margin-bottom: 2em; font-size: 16px; line-height: 1.8em; text-align: justify; color: #212529; font-family: 'Open Sans', sans-serif;\">O candidato dever\u00e1 preencher a Ficha de Inscri\u00e7\u00e3o especificando os dois cursos aos quais tem interesse, indicando assim a sua primeira e segunda op\u00e7\u00f5es de curso, n\u00e3o sendo poss\u00edvel a altera\u00e7\u00e3o das op\u00e7\u00f5es de curso ap\u00f3s divulga\u00e7\u00e3o da Lista Preliminar dos Candidatos Inscritos.<\/p>\n<p style=\"box-sizing: border-box; margin-top: 0px; margin-bottom: 2em; font-size: 16px; line-height: 1.8em; text-align: justify; color: #212529; font-family: 'Open Sans', sans-serif;\">ATEN\u00c7\u00c3O:\u00a0O n\u00famero do CPF e o n\u00famero de inscri\u00e7\u00e3o no ENEM usados na inscri\u00e7\u00e3o no Processo Seletivo ser\u00e3o os mesmos utilizados para a matr\u00edcula. Caso o candidato utilize o CPF ou a nota do Enem de outra pessoa para fazer a inscri\u00e7\u00e3o, ter\u00e1 a matr\u00edcula cancelada e a vaga seguir\u00e1 para pr\u00f3xima chamada.<\/p>\n<p style=\"box-sizing: border-box; margin-top: 0px; margin-bottom: 2em; font-size: 16px; line-height: 1.8em; text-align: justify; color: #212529; font-family: 'Open Sans', sans-serif;\">O candidato que tiver interesse em participar do sistema de concorr\u00eancia por regime de cotas dever\u00e1 fazer essa op\u00e7\u00e3o no ato da inscri\u00e7\u00e3o, n\u00e3o sendo poss\u00edvel a altera\u00e7\u00e3o do sistema de concorr\u00eancia ap\u00f3s divulga\u00e7\u00e3o da Lista Preliminar dos Candidatos Inscritos<\/p>\n<p style=\"box-sizing: border-box; margin-top: 0px; margin-bottom: 2em; font-size: 16px; line-height: 1.8em; text-align: justify; color: #212529; font-family: 'Open Sans', sans-serif;\">Para o PSP-UEMS-2021,\u00a0 a ocupa\u00e7\u00e3o das vagas oferecidas para cada curso dar-se-\u00e1 por meio de dois sistemas de concorr\u00eancia:<\/p>\n<ol style=\"box-sizing: border-box; margin-top: 0px; margin-bottom: 1rem; color: #212529; font-family: 'Open Sans', sans-serif;\">\n<li style=\"box-sizing: border-box;\">por Acesso Universal (Ampla Concorr\u00eancia); e<\/li>\n<li style=\"box-sizing: border-box;\">por Reserva de Vagas em seus cursos, sendo:<\/li>\n<li style=\"box-sizing: border-box;\">20% para candidatos ao regime de cotas para Negros (pretos e pardos) que tenham cursado integralmente o Ensino M\u00e9dio em escolas p\u00fablicas;<\/li>\n<li style=\"box-sizing: border-box;\">10% para candidatos ao regime de cotas para Ind\u00edgenas que tenham cursado integralmente o Ensino M\u00e9dio em escolas p\u00fablicas;<\/li>\n<li style=\"box-sizing: border-box;\">10% para candidatos ao regime de cotas para Residentes em Mato Grosso do Sul.<\/li>\n<\/ol>\n<p style=\"box-sizing: border-box; margin-top: 0px; margin-bottom: 2em; font-size: 16px; line-height: 1.8em; text-align: justify; color: #212529; font-family: 'Open Sans', sans-serif;\">Somente poder\u00e3o concorrer \u00e0s vagas para os regimes de cotas para negros (pretos e pardos) e ind\u00edgenas candidatos que tenham cursado integralmente o Ensino M\u00e9dio em escolas p\u00fablicas.<\/p>\n<p style=\"box-sizing: border-box; margin-top: 0px; margin-bottom: 2em; font-size: 16px; line-height: 1.8em; text-align: justify; color: #212529; font-family: 'Open Sans', sans-serif;\">Confira o edital em:\u00a0<a style=\"box-sizing: border-box; color: #444444; text-decoration-line: none; background-color: transparent;\" href=\"http:\/\/www.uems.br\/assets\/uploads\/ingresso\/ps_permanente\/1_2021-01-26_08-08-31.pdf\" target=\"_blank\" rel=\"noopener\">http:\/\/www.uems.br\/assets\/uploads\/ingresso\/ps_permanente\/1_2021-01-26_08-08-31.pdf<\/a><\/p>\n<p style=\"box-sizing: border-box; margin-top: 0px; margin-bottom: 2em; font-size: 16px; line-height: 1.8em; text-align: justify; color: #212529; font-family: 'Open Sans', sans-serif;\"><img decoding=\"async\" class=\"CToWUd a6T\" style=\"box-sizing: border-box; vertical-align: middle;\" src=\"https:\/\/ci4.googleusercontent.com\/proxy\/49Odd9-CxPDnpDXVG9KvQNyl6P0O-QwRjjkA8iFVYF7tNk2V19J4EbKL_M-1I5KjE--Gp3jp5B9HB7GmbdgRqpFLbkyYG_nDDzXAgXAemw048KBq_6aVj58CSrDvKFvswyd9_VCIN_o_XsnaEffTVBug8xhb-5Q4iyiuiTdHaYgwQUpgIULSLS5YUP0KoKajK-DFBxFo-GtcuQ=s0-d-e1-ft#http:\/\/www.uems.br\/assets\/uploads\/noticias\/2f276111a71987409fa6208edbcc95a3\/1_2f276111a71987409fa6208edbcc95a3_2021-01-26_09-42-12.jpg\" alt=\"\" width=\"700\" \/><\/p>\n","protected":false},"excerpt":{"rendered":"<p>Mais de mil vagas est\u00e3o dispon\u00edveis no Processo Seletivo Permanente UEMS 2021, da Universidade Estadual&#8230;<\/p>\n","protected":false},"author":13,"featured_media":0,"comment_status":"closed","ping_status":"closed","sticky":false,"template":"","format":"standard","meta":{"footnotes":""},"categories":[10],"tags":[],"class_list":["post-11712173","post","type-post","status-publish","format-standard","hentry","category-educacao"],"_links":{"self":[{"href":"https:\/\/www.corumbaonline.com.br\/news\/wp-json\/wp\/v2\/posts\/11712173","targetHints":{"allow":["GET"]}}],"collection":[{"href":"https:\/\/www.corumbaonline.com.br\/news\/wp-json\/wp\/v2\/posts"}],"about":[{"href":"https:\/\/www.corumbaonline.com.br\/news\/wp-json\/wp\/v2\/types\/post"}],"author":[{"embeddable":true,"href":"https:\/\/www.corumbaonline.com.br\/news\/wp-json\/wp\/v2\/users\/13"}],"replies":[{"embeddable":true,"href":"https:\/\/www.corumbaonline.com.br\/news\/wp-json\/wp\/v2\/comments?post=11712173"}],"version-history":[{"count":1,"href":"https:\/\/www.corumbaonline.com.br\/news\/wp-json\/wp\/v2\/posts\/11712173\/revisions"}],"predecessor-version":[{"id":11712174,"href":"https:\/\/www.corumbaonline.com.br\/news\/wp-json\/wp\/v2\/posts\/11712173\/revisions\/11712174"}],"wp:attachment":[{"href":"https:\/\/www.corumbaonline.com.br\/news\/wp-json\/wp\/v2\/media?parent=11712173"}],"wp:term":[{"taxonomy":"category","embeddable":true,"href":"https:\/\/www.corumbaonline.com.br\/news\/wp-json\/wp\/v2\/categories?post=11712173"},{"taxonomy":"post_tag","embeddable":true,"href":"https:\/\/www.corumbaonline.com.br\/news\/wp-json\/wp\/v2\/tags?post=11712173"}],"curies":[{"name":"wp","href":"https:\/\/api.w.org\/{rel}","templated":true}]}}