{"id":11712177,"date":"2021-02-09T09:56:00","date_gmt":"2021-02-09T13:56:00","guid":{"rendered":"http:\/\/www.corumbaonline.com.br\/news\/?p=11712177"},"modified":"2021-02-09T10:35:58","modified_gmt":"2021-02-09T14:35:58","slug":"articulacao-entre-redes-municipal-e-estadual-de-ensino-trazem-o-curso-normal-medio-para-corumba","status":"publish","type":"post","link":"https:\/\/www.corumbaonline.com.br\/news\/articulacao-entre-redes-municipal-e-estadual-de-ensino-trazem-o-curso-normal-medio-para-corumba\/","title":{"rendered":"Articula\u00e7\u00e3o entre redes Municipal e Estadual de Ensino trazem o curso normal m\u00e9dio para Corumb\u00e1"},"content":{"rendered":"<p>A Prefeitura de Corumb\u00e1, por meio da Secretaria Municipal de Educa\u00e7\u00e3o, est\u00e1 articulando a vinda do Curso Normal M\u00e9dio para o munic\u00edpio de Corumb\u00e1.\u00a0 Na \u00faltima semana, o secret\u00e1rio de Educa\u00e7\u00e3o, Genilson Canavarro de Abreu, e a gerente de Gest\u00e3o de Pol\u00edticas Educacionais, Maria Aparecida Dias de Moura, reuniram- se com a secret\u00e1ria de Estado de Educa\u00e7\u00e3o Estado, Maria Cecilia Amendola da Motta, para articular a vinda do Curso.<\/p>\n<p>\u201cO objetivo \u00e9 habilitar profissionais para trabalharem como t\u00e9cnicos na educa\u00e7\u00e3o infantil\u201d, explicou Genilson. O curso ser\u00e1 realizado pela Secretaria de Estado de Educa\u00e7\u00e3o (SED) e possui uma carga hor\u00e1ria de 1000 (mil) horas de forma\u00e7\u00e3o te\u00f3rico-pr\u00e1tica espec\u00edfica para doc\u00eancia e 300 (trezentas) horas de est\u00e1gio supervisionado obrigat\u00f3rio.<\/p>\n<p>\u00c0 essa carga hor\u00e1ria s\u00e3o acrescidas ou integradas, respectivamente, a carga hor\u00e1ria de forma\u00e7\u00e3o b\u00e1sica referente \u00e0 etapa de ensino m\u00e9dio, sendo: 2.400 (duas mil e quatrocentas) horas, se em per\u00edodo parcial, ou 3.200 (tr\u00eas mil e duzentas) horas, se em per\u00edodo integral.<\/p>\n<p>Os interessados dever\u00e3o preencher suas informa\u00e7\u00f5es no formul\u00e1rio de demanda de interesse que ficar\u00e1 dispon\u00edvel de 08 a 12 de fevereiro, atrav\u00e9s do link: https:\/\/forms.gle\/MdNDj1NgUeDt65e5A .<\/p>\n<p>O Curso ser\u00e1 oferecido este ano, no per\u00edodo noturno no pr\u00e9dio da Escola Estadual Jo\u00e3o Leite de Barros, situada \u00e0 rua Cabral, 761, bairro Centro, em data a ser divulgada. Maiores informa\u00e7\u00f5es podem ser obtidas via telefone da unidade de ensino (3231-2401).<\/p>\n","protected":false},"excerpt":{"rendered":"<p>A Prefeitura de Corumb\u00e1, por meio da Secretaria Municipal de Educa\u00e7\u00e3o, est\u00e1 articulando a vinda&#8230;<\/p>\n","protected":false},"author":70,"featured_media":0,"comment_status":"closed","ping_status":"closed","sticky":false,"template":"","format":"standard","meta":{"footnotes":""},"categories":[10],"tags":[],"class_list":["post-11712177","post","type-post","status-publish","format-standard","hentry","category-educacao"],"_links":{"self":[{"href":"https:\/\/www.corumbaonline.com.br\/news\/wp-json\/wp\/v2\/posts\/11712177","targetHints":{"allow":["GET"]}}],"collection":[{"href":"https:\/\/www.corumbaonline.com.br\/news\/wp-json\/wp\/v2\/posts"}],"about":[{"href":"https:\/\/www.corumbaonline.com.br\/news\/wp-json\/wp\/v2\/types\/post"}],"author":[{"embeddable":true,"href":"https:\/\/www.corumbaonline.com.br\/news\/wp-json\/wp\/v2\/users\/70"}],"replies":[{"embeddable":true,"href":"https:\/\/www.corumbaonline.com.br\/news\/wp-json\/wp\/v2\/comments?post=11712177"}],"version-history":[{"count":1,"href":"https:\/\/www.corumbaonline.com.br\/news\/wp-json\/wp\/v2\/posts\/11712177\/revisions"}],"predecessor-version":[{"id":11712178,"href":"https:\/\/www.corumbaonline.com.br\/news\/wp-json\/wp\/v2\/posts\/11712177\/revisions\/11712178"}],"wp:attachment":[{"href":"https:\/\/www.corumbaonline.com.br\/news\/wp-json\/wp\/v2\/media?parent=11712177"}],"wp:term":[{"taxonomy":"category","embeddable":true,"href":"https:\/\/www.corumbaonline.com.br\/news\/wp-json\/wp\/v2\/categories?post=11712177"},{"taxonomy":"post_tag","embeddable":true,"href":"https:\/\/www.corumbaonline.com.br\/news\/wp-json\/wp\/v2\/tags?post=11712177"}],"curies":[{"name":"wp","href":"https:\/\/api.w.org\/{rel}","templated":true}]}}