{"id":11712197,"date":"2021-02-09T12:05:00","date_gmt":"2021-02-09T16:05:00","guid":{"rendered":"http:\/\/www.corumbaonline.com.br\/news\/?p=11712197"},"modified":"2021-02-09T13:05:32","modified_gmt":"2021-02-09T17:05:32","slug":"inscricoes-para-17-vagas-de-professor-substituto-do-ifms-terminam-na-sexta-feira","status":"publish","type":"post","link":"https:\/\/www.corumbaonline.com.br\/news\/inscricoes-para-17-vagas-de-professor-substituto-do-ifms-terminam-na-sexta-feira\/","title":{"rendered":"Inscri\u00e7\u00f5es para 17 vagas de professor substituto do IFMS terminam na sexta-feira"},"content":{"rendered":"<p>As inscri\u00e7\u00f5es no processo seletivo simplificado que oferta\u00a017 vagas para professores substitutos do\u00a0Instituto Federal de Mato Grosso do Sul (IFMS) se encerram nesta sexta-feira, 12.<\/p>\n<p>A sele\u00e7\u00e3o se destina aos campi Aquidauana, Campo Grande, Corumb\u00e1, Coxim, Dourados, Jardim, Navira\u00ed, Nova Andradina, Ponta Por\u00e3 e Tr\u00eas Lagoas.<\/p>\n<p>Ser\u00e3o selecionados docentes para as \u00e1reas de Biologia, Ci\u00eancias Agr\u00e1rias, Educa\u00e7\u00e3o F\u00edsica, Engenharia El\u00e9trica\/Eletrot\u00e9cnica, Filosofia, F\u00edsica, Inform\u00e1tica, Matem\u00e1tica, Portugu\u00eas\/Ingl\u00eas e Sociologia (confira na tabela abaixo).<\/p>\n<p>O interessado em participar do processo seletivo deve se inscrever a\u00a0<a title=\"P\u00e1gina do Candidato\" href=\"http:\/\/www.ifms.edu.br:9000\/lists\/lt.php?tid=KxkNV11cVgJQA0tTUwJdTlAHAgNOAFwIVBsMVwQFUwABU1cHA10fAlRVUAYEVFFOAAQEW04NWlsGG1pQA1ZPCABTBABVDFRVVgBVH1ICAwYCUlcDTghaXAYbDFZQBk8JVlZUH1AKVgBWAgNWVAIABw\" target=\"_blank\" rel=\"noopener noreferrer\">P\u00e1gina do Candidato<\/a>, da Central de Sele\u00e7\u00e3o. A taxa \u00e9 de R$ 50,00 e pode ser paga em qualquer ag\u00eancia do Banco do Brasil, at\u00e9\u00a0 sexta-feira, 12.<\/p>\n<p>O\u00a0edital de abertura, com as normas do processo seletivo, est\u00e1 publicado na\u00a0<a title=\"Central de Sele\u00e7\u00e3o\" href=\"http:\/\/www.ifms.edu.br:9000\/lists\/lt.php?tid=KxkDUQBaUVNTBUtVVFZVTlAGUFZOWApbAhsPBAYFBlBQVFYKVgwfAlRVUAYEVFFOAAQEW04NWlsGG1pQA1ZPCABTBABVDFRVVgBVH1ICAwYCUlcDTghaXAYbDFZQBk8JVlZUH1AKVgBWAgNWVAIABw\" target=\"_blank\" rel=\"noopener noreferrer\">Central de Sele\u00e7\u00e3o<\/a>.<\/p>\n<p><strong>Requisitos<\/strong>\u00a0\u2013 Al\u00e9m de forma\u00e7\u00e3o de n\u00edvel superior na \u00e1rea, os candidatos devem ainda obedecer os seguintes requisitos:<\/p>\n<ul>\n<li>n\u00e3o ser docente vinculado \u00e0\u00a0<a title=\"Lei n\u00ba 7.596\/87\" href=\"http:\/\/www.ifms.edu.br:9000\/lists\/lt.php?tid=KxkHC1YIBghSBUsABlgATlADAQZOWw0BBhtaVgFSUwcCVFNUBwgfAlRVUAYEVFFOAAQEW04NWlsGG1pQA1ZPCABTBABVDFRVVgBVH1ICAwYCUlcDTghaXAYbDFZQBk8JVlZUH1AKVgBWAgNWVAIABw\" target=\"_blank\" rel=\"noopener noreferrer\">Lei n\u00ba 7.596\/87<\/a>;<\/li>\n<li>n\u00e3o ser ocupante de cargo, emprego ou fun\u00e7\u00e3o em regime de dedica\u00e7\u00e3o exclusiva;<\/li>\n<li>n\u00e3o ter sido contratado como professor substituto nos \u00faltimos 24 meses e\/ou ter hor\u00e1rio incompat\u00edvel com outro cargo p\u00fablico que exer\u00e7a;<\/li>\n<li>n\u00e3o participar de sociedade privada na condi\u00e7\u00e3o de administrador ou s\u00f3cio-gerente;<\/li>\n<li>estar em dia com as obriga\u00e7\u00f5es eleitorais, para os candidatos de ambos os sexos, e com as militares, para os do sexo masculino;<\/li>\n<li>apresentar certid\u00f5es negativas de a\u00e7\u00f5es c\u00edveis e criminais da Justi\u00e7a Estadual, Federal e Militar, como especificado no edital de abertura.<\/li>\n<\/ul>\n<p>No caso de acumula\u00e7\u00e3o l\u00edcita de cargos p\u00fablicos, dever\u00e1 ser apresentada declara\u00e7\u00e3o do \u00f3rg\u00e3o ao qual possui v\u00ednculo discriminando cargo, carga hor\u00e1ria semanal e jornada de trabalho, bem como c\u00f3pia do ato de nomea\u00e7\u00e3o ou comprovante de solicita\u00e7\u00e3o da referida declara\u00e7\u00e3o.<\/p>\n<p><strong>Sele\u00e7\u00e3o<\/strong>\u00a0\u2013 Em virtude da pandemia do novo coronav\u00edrus, as provas de t\u00edtulos e did\u00e1tica ser\u00e3o realizadas de forma n\u00e3o presencial.<\/p>\n<p>A prova de t\u00edtulos tem car\u00e1ter eliminat\u00f3rio e classificat\u00f3rio. Os candidatos dever\u00e3o enviar, at\u00e9 14 de fevereiro, para o\u00a0e-mail\u00a0da Coordena\u00e7\u00e3o de Gest\u00e3o de Pessoas (Cogep) da unidade para a qual se inscreveu uma via do curr\u00edculo na\u00a0<a title=\"Plataforma Lattes\" href=\"http:\/\/www.ifms.edu.br:9000\/lists\/lt.php?tid=KxkFV1JaBQlXWEsGB1FQTlAAUANOWwwKBRsPAwUCBgkHAVECUlwfAlRVUAYEVFFOAAQEW04NWlsGG1pQA1ZPCABTBABVDFRVVgBVH1ICAwYCUlcDTghaXAYbDFZQBk8JVlZUH1AKVgBWAgNWVAIABw\" target=\"_blank\" rel=\"noopener noreferrer\">Plataforma Lattes<\/a>\u00a0documentado. Esta etapa vale 20 pontos.<\/p>\n<p>Com base na an\u00e1lise curricular, passar\u00e3o para avalia\u00e7\u00e3o did\u00e1tica o n\u00famero de candidatos at\u00e9 12 vezes maior referente \u00e0 vaga ofertada. Em caso de empate, todos os empatados na \u00faltima classifica\u00e7\u00e3o ser\u00e3o considerados aprovados.<\/p>\n<p>O sorteio do tema da prova did\u00e1tica ocorrer\u00e1 no dia 19 de fevereiro, nos campi do IFMS. De conhecimento espec\u00edfico da \u00e1rea, com car\u00e1ter eliminat\u00f3rio e classificat\u00f3rio, as provas ser\u00e3o realizadas no dia seguinte, a partir das 8 horas.<\/p>\n<p>O link da sala virtual do Google Meet, a data e o hor\u00e1rio da prova de desempenho did\u00e1tico ser\u00e3o encaminhados para o e-mail de cada candidato. A prova consistir\u00e1 em uma aula com dura\u00e7\u00e3o entre 15 e 20 minutos.<\/p>\n<p>A segunda etapa vale 80 pontos. A nota final dos candidatos ser\u00e1 definida pela soma das notas obtidas nas duas etapas do processo seletivo. O resultado preliminar ser\u00e1 divulgado no dia 22 deste m\u00eas.<\/p>\n<p><strong>Contrato<\/strong>\u00a0\u2013 Todas as vagas t\u00eam carga hor\u00e1ria semanal de 40 horas, com remunera\u00e7\u00e3o que vai de R$ 3.588,85 a R$ 6.289,21, de acordo com a titula\u00e7\u00e3o do selecionado.<\/p>\n<p>A vig\u00eancia do contrato vigorar\u00e1 a partir da publica\u00e7\u00e3o do extrato no Di\u00e1rio Oficial da Uni\u00e3o (DOU), com possibilidade de prorroga\u00e7\u00e3o at\u00e9 o limite legal de 24 meses, de acordo com a necessidade da institui\u00e7\u00e3o.<\/p>\n<p><strong>Vagas ofertadas<\/strong><\/p>\n<table border=\"1\" width=\"90%\" cellspacing=\"0\" cellpadding=\"0\">\n<tbody>\n<tr>\n<td>\n<p align=\"center\"><strong>Campus<\/strong><\/p>\n<\/td>\n<td>\n<p align=\"center\"><strong>\u00c1rea<\/strong><\/p>\n<\/td>\n<td>\n<p align=\"center\"><strong>Habilita\u00e7\u00e3o<\/strong><\/p>\n<\/td>\n<td>\n<p align=\"center\"><strong>Vagas<\/strong><\/p>\n<\/td>\n<\/tr>\n<tr>\n<td>\n<p align=\"center\">Aquidauana<\/p>\n<\/td>\n<td>\n<p align=\"center\">Portugu\u00eas\/Ingl\u00eas<\/p>\n<\/td>\n<td>\n<p align=\"center\">Licenciatura em Letras, com habilita\u00e7\u00e3o em L\u00edngua Portuguesa e L\u00edngua Inglesa<\/p>\n<\/td>\n<td>\n<p align=\"center\">01<\/p>\n<\/td>\n<\/tr>\n<tr>\n<td rowspan=\"2\">\n<p align=\"center\">Campo Grande<\/p>\n<\/td>\n<td>\n<p align=\"center\">Engenharia El\u00e9trica\/Eletrot\u00e9cnica<\/p>\n<\/td>\n<td>\n<p align=\"center\">Gradua\u00e7\u00e3o em Engenharia El\u00e9trica<\/p>\n<\/td>\n<td>\n<p align=\"center\">01<\/p>\n<\/td>\n<\/tr>\n<tr>\n<td>\n<p align=\"center\">Matem\u00e1tica<\/p>\n<\/td>\n<td>\n<p align=\"center\">Licenciatura em Matem\u00e1tica<\/p>\n<\/td>\n<td>\n<p align=\"center\">01<\/p>\n<\/td>\n<\/tr>\n<tr>\n<td rowspan=\"3\">\n<p align=\"center\">Corumb\u00e1<\/p>\n<\/td>\n<td>\n<p align=\"center\">F\u00edsica<\/p>\n<\/td>\n<td>\n<p align=\"center\">Gradua\u00e7\u00e3o em F\u00edsica; ou Gradua\u00e7\u00e3o em Ci\u00eancias com habilita\u00e7\u00e3o em F\u00edsica; ou Gradua\u00e7\u00e3o em Ci\u00eancias Exatas, com habilita\u00e7\u00e3o em F\u00edsica<\/p>\n<\/td>\n<td>\n<p align=\"center\">01<\/p>\n<\/td>\n<\/tr>\n<tr>\n<td>\n<p align=\"center\">Matem\u00e1tica<\/p>\n<\/td>\n<td>\n<p align=\"center\">Licenciatura em Matem\u00e1tica.<\/p>\n<\/td>\n<td>\n<p align=\"center\">01<\/p>\n<\/td>\n<\/tr>\n<tr>\n<td>\n<p align=\"center\">Sociologia<\/p>\n<\/td>\n<td>\n<p align=\"center\">Gradua\u00e7\u00e3o em Ci\u00eancias Sociais ou Sociologia<\/p>\n<\/td>\n<td>\n<p align=\"center\">01<\/p>\n<\/td>\n<\/tr>\n<tr>\n<td rowspan=\"2\">\n<p align=\"center\">Coxim<\/p>\n<\/td>\n<td>\n<p align=\"center\">Biologia<\/p>\n<\/td>\n<td>\n<p align=\"center\">Licenciatura em Ci\u00eancias Biol\u00f3gicas; ou em Biologia<\/p>\n<\/td>\n<td>\n<p align=\"center\">01<\/p>\n<\/td>\n<\/tr>\n<tr>\n<td>\n<p align=\"center\">Inform\u00e1tica\/Desenvolvimento e Desenvolvimento Web<\/p>\n<\/td>\n<td>\n<p align=\"center\">Gradua\u00e7\u00e3o em Ci\u00eancia da Computa\u00e7\u00e3o; ou Gradua\u00e7\u00e3o em Sistemas de Informa\u00e7\u00e3o; ou Gradua\u00e7\u00e3o em An\u00e1lise de Sistemas; ou Gradua\u00e7\u00e3o em Engenharia da Computa\u00e7\u00e3o; ou Gradua\u00e7\u00e3o em Engenharia de Redes; ou Curso Superior de Tecnologia em Sistemas para Internet; ou Curso Superior de Tecnologia em An\u00e1lise e Desenvolvimento de Sistemas; ou Curso Superior de Tecnologia em Redes de Computadores; ou Licenciatura em Computa\u00e7\u00e3o; ou Gradua\u00e7\u00e3o em \u00c1rea de Computa\u00e7\u00e3o<\/p>\n<\/td>\n<td>\n<p align=\"center\">01<\/p>\n<\/td>\n<\/tr>\n<tr>\n<td>\n<p align=\"center\">Dourados<\/p>\n<\/td>\n<td>\n<p align=\"center\">Portugu\u00eas\/Ingl\u00eas<\/p>\n<\/td>\n<td>\n<p align=\"center\">Licenciatura em Letras, com habilita\u00e7\u00e3o em L\u00edngua Portuguesa e L\u00edngua Inglesa<\/p>\n<\/td>\n<td>\n<p align=\"center\">01<\/p>\n<\/td>\n<\/tr>\n<tr>\n<td rowspan=\"2\">\n<p align=\"center\">Jardim<\/p>\n<\/td>\n<td>\n<p align=\"center\">F\u00edsica<\/p>\n<\/td>\n<td>\n<p align=\"center\">Licenciatura em F\u00edsica<\/p>\n<\/td>\n<td>\n<p align=\"center\">01<\/p>\n<\/td>\n<\/tr>\n<tr>\n<td>\n<p align=\"center\">Sociologia<\/p>\n<\/td>\n<td>\n<p align=\"center\">Gradua\u00e7\u00e3o em Ci\u00eancias Sociais<\/p>\n<\/td>\n<td>\n<p align=\"center\">01<\/p>\n<\/td>\n<\/tr>\n<tr>\n<td rowspan=\"2\">\n<p align=\"center\">Navira\u00ed<\/p>\n<\/td>\n<td>\n<p align=\"center\">Ci\u00eancias Agr\u00e1rias\/Agronomia<\/p>\n<\/td>\n<td>\n<p align=\"center\">Engenharia Agron\u00f4mica; ou Bacharel em Agronomia<\/p>\n<\/td>\n<td>\n<p align=\"center\">01<\/p>\n<\/td>\n<\/tr>\n<tr>\n<td>\n<p align=\"center\">Portugu\u00eas\/Ingl\u00eas<\/p>\n<\/td>\n<td>\n<p align=\"center\">Licenciatura em Letras, com habilita\u00e7\u00e3o em L\u00edngua Portuguesa e L\u00edngua Inglesa<\/p>\n<\/td>\n<td>\n<p align=\"center\">01<\/p>\n<\/td>\n<\/tr>\n<tr>\n<td rowspan=\"2\">\n<p align=\"center\">Nova Andradina<\/p>\n<\/td>\n<td>\n<p align=\"center\">Educa\u00e7\u00e3o F\u00edsica<\/p>\n<\/td>\n<td>\n<p align=\"center\">Licenciatura em Educa\u00e7\u00e3o F\u00edsica<\/p>\n<\/td>\n<td>\n<p align=\"center\">01<\/p>\n<\/td>\n<\/tr>\n<tr>\n<td>\n<p align=\"center\">Filosofia<\/p>\n<\/td>\n<td>\n<p align=\"center\">Licenciatura em Filosofia<\/p>\n<\/td>\n<td>\n<p align=\"center\">01<\/p>\n<\/td>\n<\/tr>\n<tr>\n<td>\n<p align=\"center\">Ponta Por\u00e3<\/p>\n<\/td>\n<td>\n<p align=\"center\">Biologia<\/p>\n<\/td>\n<td>\n<p align=\"center\">Licenciatura em Ci\u00eancias Biol\u00f3gicas<\/p>\n<\/td>\n<td>\n<p align=\"center\">01<\/p>\n<\/td>\n<\/tr>\n<tr>\n<td>\n<p align=\"center\">Tr\u00eas Lagoas<\/p>\n<\/td>\n<td>\n<p align=\"center\">Portugu\u00eas\/Ingl\u00eas<\/p>\n<\/td>\n<td>\n<p align=\"center\">Licenciatura em Letras, com habilita\u00e7\u00e3o em L\u00edngua Portuguesa e L\u00edngua Inglesa,\u00a0com, no m\u00ednimo<em>,\u00a0<\/em>P\u00f3s-Gradua\u00e7\u00e3o<em>\u00a0lato sensu<\/em><\/p>\n<\/td>\n<td>\n<p align=\"center\">01<\/p>\n<\/td>\n<\/tr>\n<\/tbody>\n<\/table>\n","protected":false},"excerpt":{"rendered":"<p>As inscri\u00e7\u00f5es no processo seletivo simplificado que oferta\u00a017 vagas para professores substitutos do\u00a0Instituto Federal de&#8230;<\/p>\n","protected":false},"author":9,"featured_media":0,"comment_status":"closed","ping_status":"closed","sticky":false,"template":"","format":"standard","meta":{"footnotes":""},"categories":[10],"tags":[],"class_list":["post-11712197","post","type-post","status-publish","format-standard","hentry","category-educacao"],"_links":{"self":[{"href":"https:\/\/www.corumbaonline.com.br\/news\/wp-json\/wp\/v2\/posts\/11712197","targetHints":{"allow":["GET"]}}],"collection":[{"href":"https:\/\/www.corumbaonline.com.br\/news\/wp-json\/wp\/v2\/posts"}],"about":[{"href":"https:\/\/www.corumbaonline.com.br\/news\/wp-json\/wp\/v2\/types\/post"}],"author":[{"embeddable":true,"href":"https:\/\/www.corumbaonline.com.br\/news\/wp-json\/wp\/v2\/users\/9"}],"replies":[{"embeddable":true,"href":"https:\/\/www.corumbaonline.com.br\/news\/wp-json\/wp\/v2\/comments?post=11712197"}],"version-history":[{"count":1,"href":"https:\/\/www.corumbaonline.com.br\/news\/wp-json\/wp\/v2\/posts\/11712197\/revisions"}],"predecessor-version":[{"id":11712198,"href":"https:\/\/www.corumbaonline.com.br\/news\/wp-json\/wp\/v2\/posts\/11712197\/revisions\/11712198"}],"wp:attachment":[{"href":"https:\/\/www.corumbaonline.com.br\/news\/wp-json\/wp\/v2\/media?parent=11712197"}],"wp:term":[{"taxonomy":"category","embeddable":true,"href":"https:\/\/www.corumbaonline.com.br\/news\/wp-json\/wp\/v2\/categories?post=11712197"},{"taxonomy":"post_tag","embeddable":true,"href":"https:\/\/www.corumbaonline.com.br\/news\/wp-json\/wp\/v2\/tags?post=11712197"}],"curies":[{"name":"wp","href":"https:\/\/api.w.org\/{rel}","templated":true}]}}