{"id":11712224,"date":"2021-02-10T10:25:00","date_gmt":"2021-02-10T14:25:00","guid":{"rendered":"http:\/\/www.corumbaonline.com.br\/news\/?p=11712224"},"modified":"2021-02-10T11:12:40","modified_gmt":"2021-02-10T15:12:40","slug":"tse-rejeita-recurso-do-psl-ms-e-mantem-mandato-de-coronel-david","status":"publish","type":"post","link":"https:\/\/www.corumbaonline.com.br\/news\/tse-rejeita-recurso-do-psl-ms-e-mantem-mandato-de-coronel-david\/","title":{"rendered":"TSE rejeita recurso do PSL-MS e mant\u00e9m mandato de Coronel David"},"content":{"rendered":"<p style=\"box-sizing: border-box; margin-bottom: 17px; font-family: 'Open Sans', sans-serif; color: #0c0c0c; font-size: 15px;\"><span style=\"box-sizing: border-box;\">O ministro do TSE (Tribunal Superior Eleitoral), Alexandre de Moraes, rejeitou recurso da dire\u00e7\u00e3o do PSL de\u00a0<a class=\"st_tag internal_tag\" style=\"box-sizing: border-box; background-color: transparent; text-decoration-line: none; transition-duration: 0.4s; transition-property: all; color: #075280 !important;\" title=\"Not\u00edcias sobre Mato Grosso do Sul\" href=\"https:\/\/www.midiamax.com.br\/tag\/mato-grosso-do-sul\" rel=\"tag\">Mato Grosso do Sul<\/a>, mantendo a senten\u00e7a que permitiu a desfilia\u00e7\u00e3o do deputado estadual\u00a0<a class=\"st_tag internal_tag\" style=\"box-sizing: border-box; background-color: transparent; text-decoration-line: none; transition-duration: 0.4s; transition-property: all; color: #075280 !important;\" title=\"Not\u00edcias sobre Coronel David\" href=\"https:\/\/www.midiamax.com.br\/tag\/coronel-david-carlos-alberto-david-dos-santos\" rel=\"tag\">Coronel David<\/a>. A decis\u00e3o foi proferida em janeiro, mas s\u00f3 divulgada na ter\u00e7a-feira (9).<\/span><\/p>\n<p style=\"box-sizing: border-box; margin-top: 0px; margin-bottom: 17px; font-family: 'Open Sans', sans-serif; color: #0c0c0c; font-size: 15px;\"><span style=\"box-sizing: border-box;\">Conforme os autos do processo, David alegou persegui\u00e7\u00e3o e o\u00a0<a style=\"box-sizing: border-box; background-color: transparent; text-decoration-line: none; transition-duration: 0.4s; transition-property: all; color: #075280 !important;\" href=\"https:\/\/www.midiamax.com.br\/politica\/2020\/tre-ms-autoriza-desfiliacaodo-deputado-estadual-coronel-david-do-psl\"><span style=\"box-sizing: border-box; font-weight: bold;\">TRE-MS (Tribunal Regional Eleitoral) acatou pedido do parlamentar para deixar o PSL sem perder o mandato<\/span><\/a>. O vice-procurador-geral eleitoral, Renato Brill de G\u00f3es, se manifestou contra o Recurso Ordin\u00e1rio do PSL.<\/span><\/p>\n<p style=\"box-sizing: border-box; margin-top: 0px; margin-bottom: 17px; font-family: 'Open Sans', sans-serif; color: #0c0c0c; font-size: 15px;\"><span style=\"box-sizing: border-box;\">Em sua decis\u00e3o, Moraes argumentou que o pedido \u00e9 invi\u00e1vel, citando jurisprud\u00eancia da Corte que a perda de mandato se d\u00e1 por infidelidade partid\u00e1ria. O ministro destacou os posicionamentos do Diret\u00f3rio Estadual contra David durante as elei\u00e7\u00f5es de 2018 e o primeiro ano de mandato, em 2019.<\/span><\/p>\n<p>\u201cNesse contexto, a grave discrimina\u00e7\u00e3o social deve ser analisada diante das circunst\u00e2ncias do caso concreto, a impedir uma atua\u00e7\u00e3o livre, de modo a tornar insustent\u00e1vel sua perman\u00eancia no \u00e2mbito partid\u00e1rio. Nesse sentido, o entendimento da Corte Regional est\u00e1 em conson\u00e2ncia com a jurisprud\u00eancia do TSE\u201d, escreveu Moraes.<\/p>\n<p>Durante a sess\u00e3o desta quarta-feira (10) da\u00a0<a class=\"st_tag internal_tag\" title=\"Not\u00edcias sobre Alems\" href=\"https:\/\/www.midiamax.com.br\/tag\/alems-assembleia-legislativa-mato-grosso-do-sul\" rel=\"tag\">Alems<\/a>\u00a0(<a class=\"st_tag internal_tag\" title=\"Not\u00edcias sobre Assembleia Legislativa\" href=\"https:\/\/www.midiamax.com.br\/tag\/assembleia-legislativa\" rel=\"tag\">Assembleia Legislativa<\/a>\u00a0do Estado de\u00a0<a class=\"st_tag internal_tag\" title=\"Not\u00edcias sobre Mato Grosso do Sul\" href=\"https:\/\/www.midiamax.com.br\/tag\/mato-grosso-do-sul\" rel=\"tag\">Mato Grosso do Sul<\/a>) leu trechos da decis\u00e3o e anunciou que ir\u00e1 se filiar ao mesmo partido do presidente da Rep\u00fablica, Jair Bolsonaro.<\/p>\n<p>O chefe do Executivo federal deixou o PSL no ano passado ap\u00f3s atritos com a dire\u00e7\u00e3o nacional. Ele j\u00e1 anunciou que deve se filiar a uma nova legenda at\u00e9 mar\u00e7o, j\u00e1 que a Alian\u00e7a pelo Brasil, partido que ele quer criar, ainda n\u00e3o vingou.<\/p>\n<p style=\"box-sizing: border-box; margin-top: 0px; margin-bottom: 17px; font-family: 'Open Sans', sans-serif; color: #0c0c0c; font-size: 15px;\"><span style=\"box-sizing: border-box;\">\u00a0<\/span><\/p>\n","protected":false},"excerpt":{"rendered":"<p>O ministro do TSE (Tribunal Superior Eleitoral), Alexandre de Moraes, rejeitou recurso da dire\u00e7\u00e3o do&#8230;<\/p>\n","protected":false},"author":10,"featured_media":0,"comment_status":"closed","ping_status":"closed","sticky":false,"template":"","format":"standard","meta":{"footnotes":""},"categories":[19],"tags":[],"class_list":["post-11712224","post","type-post","status-publish","format-standard","hentry","category-politica"],"_links":{"self":[{"href":"https:\/\/www.corumbaonline.com.br\/news\/wp-json\/wp\/v2\/posts\/11712224","targetHints":{"allow":["GET"]}}],"collection":[{"href":"https:\/\/www.corumbaonline.com.br\/news\/wp-json\/wp\/v2\/posts"}],"about":[{"href":"https:\/\/www.corumbaonline.com.br\/news\/wp-json\/wp\/v2\/types\/post"}],"author":[{"embeddable":true,"href":"https:\/\/www.corumbaonline.com.br\/news\/wp-json\/wp\/v2\/users\/10"}],"replies":[{"embeddable":true,"href":"https:\/\/www.corumbaonline.com.br\/news\/wp-json\/wp\/v2\/comments?post=11712224"}],"version-history":[{"count":1,"href":"https:\/\/www.corumbaonline.com.br\/news\/wp-json\/wp\/v2\/posts\/11712224\/revisions"}],"predecessor-version":[{"id":11712225,"href":"https:\/\/www.corumbaonline.com.br\/news\/wp-json\/wp\/v2\/posts\/11712224\/revisions\/11712225"}],"wp:attachment":[{"href":"https:\/\/www.corumbaonline.com.br\/news\/wp-json\/wp\/v2\/media?parent=11712224"}],"wp:term":[{"taxonomy":"category","embeddable":true,"href":"https:\/\/www.corumbaonline.com.br\/news\/wp-json\/wp\/v2\/categories?post=11712224"},{"taxonomy":"post_tag","embeddable":true,"href":"https:\/\/www.corumbaonline.com.br\/news\/wp-json\/wp\/v2\/tags?post=11712224"}],"curies":[{"name":"wp","href":"https:\/\/api.w.org\/{rel}","templated":true}]}}