{"id":11712253,"date":"2021-02-11T10:24:00","date_gmt":"2021-02-11T14:24:00","guid":{"rendered":"http:\/\/www.corumbaonline.com.br\/news\/?p=11712253"},"modified":"2021-02-11T12:19:27","modified_gmt":"2021-02-11T16:19:27","slug":"mec-publica-edital-do-1o-processo-seletivo-do-sisu-2021","status":"publish","type":"post","link":"https:\/\/www.corumbaonline.com.br\/news\/mec-publica-edital-do-1o-processo-seletivo-do-sisu-2021\/","title":{"rendered":"MEC publica edital do 1\u00ba processo seletivo do Sisu 2021"},"content":{"rendered":"<p>O Minist\u00e9rio da Educa\u00e7\u00e3o (MEC) publicou\u00a0hoje\u00a0(11), no\u00a0<a href=\"https:\/\/www.in.gov.br\/en\/web\/dou\/-\/edital-n-10-de-10-de-fevereiro-de-2021-sistema-de-selecao-unificada-sisu-processo-seletivo-primeira-edicao-de-2021-303253299\" target=\"_blank\" rel=\"noopener\"><em>Di\u00e1rio Oficial da Uni\u00e3o<\/em><\/a>, o edital do processo seletivo para o primeiro semestre de 2021 do Sistema de Sele\u00e7\u00e3o Unificada (Sisu). As inscri\u00e7\u00f5es s\u00e3o gratuitas e podem ser feitas de 6 a\u00a09 de abril\u00a0pelo\u00a0<a href=\"https:\/\/sisu.mec.gov.br\/#\/\" target=\"_blank\" rel=\"noopener\">site do Sisu<\/a>.<img decoding=\"async\" src=\"https:\/\/agenciabrasil.ebc.com.br\/ebc.png?id=1401136&amp;o=node\" \/><img decoding=\"async\" src=\"https:\/\/agenciabrasil.ebc.com.br\/ebc.gif?id=1401136&amp;o=node\" \/><\/p>\n<p>Para esta sele\u00e7\u00e3o de candidatos ser\u00e3o exigidos,\u00a0exclusivamente,\u00a0os\u00a0<a href=\"https:\/\/agenciabrasil.ebc.com.br\/educacao\/noticia\/2021-02\/gabaritos-do-enem-digital-serao-divulgados-hoje-a-tarde\" target=\"_blank\" rel=\"noopener\">resultados<\/a>\u00a0obtidos pelos estudantes no Exame Nacional do Ensino M\u00e9dio (Enem) de 2020, que foi adiado em raz\u00e3o da pandemia de covid-19 e aplicado em janeiro e fevereiro deste ano.<\/p>\n<p>O Sisu \u00e9 o programa do MEC para acesso de brasileiros a um curso de gradua\u00e7\u00e3o em universidades p\u00fablicas do pa\u00eds. As vagas s\u00e3o abertas semestralmente, por meio de um sistema informatizado, e os candidatos com melhor classifica\u00e7\u00e3o s\u00e3o selecionados de acordo com suas notas no Enem. O estudante tamb\u00e9m n\u00e3o pode\u00a0ter zerado a reda\u00e7\u00e3o.<\/p>\n<p>Al\u00e9m do Sisu, as notas do Enem podem ser usadas para acessar o Programa Universidade para Todos (ProUni), que oferece bolsas de estudo em institui\u00e7\u00f5es privadas, e o Fundo de Financiamento Estudantil (Fies), que facilita o acesso ao cr\u00e9dito para financiamento de cursos de ensino superior.<\/p>\n<h2>Cronograma<\/h2>\n<p>O estudante poder\u00e1 se inscrever no Sisu em at\u00e9 duas op\u00e7\u00f5es de vaga e especificar a ordem de prefer\u00eancia. Ele poder\u00e1 optar por concorrer \u00e0s vagas de ampla concorr\u00eancia ou aquelas reservadas a pol\u00edticas de a\u00e7\u00f5es afirmativas, as cotas. Entretanto, n\u00e3o permitida a inscri\u00e7\u00e3o em mais de uma modalidade de concorr\u00eancia para o mesmo curso e turno, na mesma institui\u00e7\u00e3o de ensino e local de oferta.<\/p>\n<p>O Sisu disponibilizar\u00e1 ao candidato, em car\u00e1ter\u00a0informativo, a nota de corte para cada institui\u00e7\u00e3o participante, local de oferta, curso, turno e modalidade de concorr\u00eancia. Essas informa\u00e7\u00f5es ser\u00e3o atualizadas periodicamente conforme o processamento das inscri\u00e7\u00f5es. Durante esse per\u00edodo, o estudante poder\u00e1 alterar as suas op\u00e7\u00f5es, bem como efetuar o seu cancelamento. A classifica\u00e7\u00e3o no Sisu ser\u00e1 feita com base na \u00faltima altera\u00e7\u00e3o efetuada e confirmada no sistema.<\/p>\n<p>O processo seletivo do Sisu referente \u00e0 primeira edi\u00e7\u00e3o de 2021 acontecer\u00e1 em uma \u00fanica chamada e o resultado deve ser divulgado em\u00a013 de abril. A partir dos crit\u00e9rios de classifica\u00e7\u00e3o, em caso de notas id\u00eanticas, o desempate acontece no momento da matr\u00edcula e ser\u00e1 selecionado aquele que comprovar a menor renda familiar. O processo de matr\u00edcula ser\u00e1 de 14 a\u00a019 de abril, em dias, hor\u00e1rios e locais de atendimento definidos por cada institui\u00e7\u00e3o de ensino.<\/p>\n<h2>Lista de espera<\/h2>\n<p>Para participar da lista de espera, o estudante dever\u00e1 manifestar seu interesse por meio da p\u00e1gina do Sisu na internet, no per\u00edodo de 13 a\u00a019 de abril, em apenas um dos cursos para o qual optou por concorrer. Aquele que foi selecionado na chamada regular em uma de suas op\u00e7\u00f5es de vaga n\u00e3o poder\u00e1 participar da lista de espera, independentemente de\u00a0ter\u00a0realizado ou n\u00e3o sua matr\u00edcula na institui\u00e7\u00e3o.<\/p>\n<p>Os procedimentos para preenchimento das vagas n\u00e3o ocupadas na chamada regular ser\u00e3o definidos em edital pr\u00f3prio de cada institui\u00e7\u00e3o participante.<\/p>\n","protected":false},"excerpt":{"rendered":"<p>O Minist\u00e9rio da Educa\u00e7\u00e3o (MEC) publicou\u00a0hoje\u00a0(11), no\u00a0Di\u00e1rio Oficial da Uni\u00e3o, o edital do processo seletivo&#8230;<\/p>\n","protected":false},"author":4,"featured_media":0,"comment_status":"closed","ping_status":"closed","sticky":false,"template":"","format":"standard","meta":{"footnotes":""},"categories":[10],"tags":[],"class_list":["post-11712253","post","type-post","status-publish","format-standard","hentry","category-educacao"],"_links":{"self":[{"href":"https:\/\/www.corumbaonline.com.br\/news\/wp-json\/wp\/v2\/posts\/11712253","targetHints":{"allow":["GET"]}}],"collection":[{"href":"https:\/\/www.corumbaonline.com.br\/news\/wp-json\/wp\/v2\/posts"}],"about":[{"href":"https:\/\/www.corumbaonline.com.br\/news\/wp-json\/wp\/v2\/types\/post"}],"author":[{"embeddable":true,"href":"https:\/\/www.corumbaonline.com.br\/news\/wp-json\/wp\/v2\/users\/4"}],"replies":[{"embeddable":true,"href":"https:\/\/www.corumbaonline.com.br\/news\/wp-json\/wp\/v2\/comments?post=11712253"}],"version-history":[{"count":1,"href":"https:\/\/www.corumbaonline.com.br\/news\/wp-json\/wp\/v2\/posts\/11712253\/revisions"}],"predecessor-version":[{"id":11712254,"href":"https:\/\/www.corumbaonline.com.br\/news\/wp-json\/wp\/v2\/posts\/11712253\/revisions\/11712254"}],"wp:attachment":[{"href":"https:\/\/www.corumbaonline.com.br\/news\/wp-json\/wp\/v2\/media?parent=11712253"}],"wp:term":[{"taxonomy":"category","embeddable":true,"href":"https:\/\/www.corumbaonline.com.br\/news\/wp-json\/wp\/v2\/categories?post=11712253"},{"taxonomy":"post_tag","embeddable":true,"href":"https:\/\/www.corumbaonline.com.br\/news\/wp-json\/wp\/v2\/tags?post=11712253"}],"curies":[{"name":"wp","href":"https:\/\/api.w.org\/{rel}","templated":true}]}}