{"id":11712266,"date":"2021-02-11T11:38:00","date_gmt":"2021-02-11T15:38:00","guid":{"rendered":"http:\/\/www.corumbaonline.com.br\/news\/?p=11712266"},"modified":"2021-02-11T12:50:49","modified_gmt":"2021-02-11T16:50:49","slug":"alms-deputados-prorrogam-ate-junho-calamidade-publica-por-covid-19","status":"publish","type":"post","link":"https:\/\/www.corumbaonline.com.br\/news\/alms-deputados-prorrogam-ate-junho-calamidade-publica-por-covid-19\/","title":{"rendered":"ALMS: deputados prorrogam at\u00e9 junho calamidade p\u00fablica por Covid-19"},"content":{"rendered":"<p>De autoria da Mesa Diretora da Assembleia Legislativa de Mato Grosso do Sul (ALEMS), foram aprovadas nesta quinta-feira (11) cinco proposi\u00e7\u00f5es relativas \u00e0 prorroga\u00e7\u00e3o do estado de calamidade p\u00fablica em munic\u00edpios do Estado. Tratam-se dos Projetos de Decreto Legislativo\u00a0<a href=\"http:\/\/sgpl.consulta.al.ms.gov.br\/sgpl-publico\/#\/linha-tempo?idProposicao=111956\" target=\"_blank\" rel=\"noopener\">01\/2021<\/a>,\u00a0<a href=\"http:\/\/sgpl.consulta.al.ms.gov.br\/sgpl-publico\/#\/linha-tempo?idProposicao=111957\" target=\"_blank\" rel=\"noopener\">02\/2021<\/a>,\u00a0<a href=\"http:\/\/sgpl.consulta.al.ms.gov.br\/sgpl-publico\/#\/linha-tempo?idProposicao=112029\" target=\"_blank\" rel=\"noopener\">03\/2021<\/a>,\u00a0<a href=\"http:\/\/sgpl.consulta.al.ms.gov.br\/sgpl-publico\/#\/linha-tempo?idProposicao=112028\" target=\"_blank\" rel=\"noopener\">04\/2021<\/a>\u00a0e\u00a0<a href=\"http:\/\/sgpl.consulta.al.ms.gov.br\/sgpl-publico\/#\/linha-tempo?idProposicao=112095\" target=\"_blank\" rel=\"noopener\">05\/2021<\/a>\u00a0referentes, respectivamente, aos munic\u00edpios de Terenos, Lad\u00e1rio, Costa Rica, Bataypor\u00e3 e Campo Grande.<\/p>\n<p>Antes com prazo para 31 de dezembro de 2020, o estado de calamidade p\u00fablica devido \u00e0 pandemia da Covid-19 est\u00e1 previsto para durar, agora, at\u00e9 30 de junho deste ano. De acordo com o presidente da Casa de Leis, deputado Paulo Corr\u00eaa (PSDB), o instrumento jur\u00eddico \u00e9 imprescind\u00edvel para que os gestores municipais possam ter mais celeridade para enfrentar as consequ\u00eancias sociais e econ\u00f4micas da pandemia.<\/p>\n<p>Enquanto durar o estado de calamidade p\u00fablica, o munic\u00edpio fica, por exemplo, dispensado de atingir os resultados fiscais, conforme previsto no artigo 65 da\u00a0<a href=\"http:\/\/www.planalto.gov.br\/ccivil_03\/leis\/lcp\/lcp101.htm\" target=\"_blank\" rel=\"noopener\">Lei 101\/2000<\/a>, a chamada Lei de Responsabilidade Fiscal (LRF). Isso \u00e9 importante para os gestores terem condi\u00e7\u00f5es de cumprirem a LRF.<\/p>\n","protected":false},"excerpt":{"rendered":"<p>De autoria da Mesa Diretora da Assembleia Legislativa de Mato Grosso do Sul (ALEMS), foram&#8230;<\/p>\n","protected":false},"author":12,"featured_media":0,"comment_status":"closed","ping_status":"closed","sticky":false,"template":"","format":"standard","meta":{"footnotes":""},"categories":[19],"tags":[],"class_list":["post-11712266","post","type-post","status-publish","format-standard","hentry","category-politica"],"_links":{"self":[{"href":"https:\/\/www.corumbaonline.com.br\/news\/wp-json\/wp\/v2\/posts\/11712266","targetHints":{"allow":["GET"]}}],"collection":[{"href":"https:\/\/www.corumbaonline.com.br\/news\/wp-json\/wp\/v2\/posts"}],"about":[{"href":"https:\/\/www.corumbaonline.com.br\/news\/wp-json\/wp\/v2\/types\/post"}],"author":[{"embeddable":true,"href":"https:\/\/www.corumbaonline.com.br\/news\/wp-json\/wp\/v2\/users\/12"}],"replies":[{"embeddable":true,"href":"https:\/\/www.corumbaonline.com.br\/news\/wp-json\/wp\/v2\/comments?post=11712266"}],"version-history":[{"count":2,"href":"https:\/\/www.corumbaonline.com.br\/news\/wp-json\/wp\/v2\/posts\/11712266\/revisions"}],"predecessor-version":[{"id":11712271,"href":"https:\/\/www.corumbaonline.com.br\/news\/wp-json\/wp\/v2\/posts\/11712266\/revisions\/11712271"}],"wp:attachment":[{"href":"https:\/\/www.corumbaonline.com.br\/news\/wp-json\/wp\/v2\/media?parent=11712266"}],"wp:term":[{"taxonomy":"category","embeddable":true,"href":"https:\/\/www.corumbaonline.com.br\/news\/wp-json\/wp\/v2\/categories?post=11712266"},{"taxonomy":"post_tag","embeddable":true,"href":"https:\/\/www.corumbaonline.com.br\/news\/wp-json\/wp\/v2\/tags?post=11712266"}],"curies":[{"name":"wp","href":"https:\/\/api.w.org\/{rel}","templated":true}]}}