{"id":11712275,"date":"2021-02-11T13:56:00","date_gmt":"2021-02-11T17:56:00","guid":{"rendered":"http:\/\/www.corumbaonline.com.br\/news\/?p=11712275"},"modified":"2021-02-11T13:56:03","modified_gmt":"2021-02-11T17:56:03","slug":"psg-confirma-lesao-e-neymar-ficara-quatro-semanas-parado","status":"publish","type":"post","link":"https:\/\/www.corumbaonline.com.br\/news\/psg-confirma-lesao-e-neymar-ficara-quatro-semanas-parado\/","title":{"rendered":"PSG confirma les\u00e3o e Neymar ficar\u00e1 quatro semanas parado"},"content":{"rendered":"<p>O\u00a0<strong>Paris Saint-Germain<\/strong>\u00a0confirmou, nesta quinta-feira, uma les\u00e3o no adutor longo esquerdo de\u00a0<strong>Neymar<\/strong>. O jogador passou por exames e a estimativa de retorno \u00e9 de quatro semanas.<\/p>\n<p>Neymar se lesionou na quarta-feira, no jogo entre Paris Saint-Germain e Coen, pela primeira rodada da Copa da Fran\u00e7a. O brasileiro deixou o campo aos 15 minutos do segundo tempo para a entrada de Mbapp\u00e9.<\/p>\n<p>Dessa forma, o camisa 10 do PSG n\u00e3o estar\u00e1 em campo pelas oitavas de final da Liga dos Campe\u00f5es contra o Barcelona. Essa ser\u00e1 a quarta aus\u00eancia de Neymar nesta fase da competi\u00e7\u00e3o desde que chegou ao clube franc\u00eas.<\/p>\n","protected":false},"excerpt":{"rendered":"<p>O\u00a0Paris Saint-Germain\u00a0confirmou, nesta quinta-feira, uma les\u00e3o no adutor longo esquerdo de\u00a0Neymar. O jogador passou por&#8230;<\/p>\n","protected":false},"author":11,"featured_media":11712276,"comment_status":"closed","ping_status":"closed","sticky":false,"template":"","format":"standard","meta":{"footnotes":""},"categories":[11],"tags":[],"class_list":["post-11712275","post","type-post","status-publish","format-standard","has-post-thumbnail","hentry","category-esporte"],"_links":{"self":[{"href":"https:\/\/www.corumbaonline.com.br\/news\/wp-json\/wp\/v2\/posts\/11712275","targetHints":{"allow":["GET"]}}],"collection":[{"href":"https:\/\/www.corumbaonline.com.br\/news\/wp-json\/wp\/v2\/posts"}],"about":[{"href":"https:\/\/www.corumbaonline.com.br\/news\/wp-json\/wp\/v2\/types\/post"}],"author":[{"embeddable":true,"href":"https:\/\/www.corumbaonline.com.br\/news\/wp-json\/wp\/v2\/users\/11"}],"replies":[{"embeddable":true,"href":"https:\/\/www.corumbaonline.com.br\/news\/wp-json\/wp\/v2\/comments?post=11712275"}],"version-history":[{"count":1,"href":"https:\/\/www.corumbaonline.com.br\/news\/wp-json\/wp\/v2\/posts\/11712275\/revisions"}],"predecessor-version":[{"id":11712277,"href":"https:\/\/www.corumbaonline.com.br\/news\/wp-json\/wp\/v2\/posts\/11712275\/revisions\/11712277"}],"wp:featuredmedia":[{"embeddable":true,"href":"https:\/\/www.corumbaonline.com.br\/news\/wp-json\/wp\/v2\/media\/11712276"}],"wp:attachment":[{"href":"https:\/\/www.corumbaonline.com.br\/news\/wp-json\/wp\/v2\/media?parent=11712275"}],"wp:term":[{"taxonomy":"category","embeddable":true,"href":"https:\/\/www.corumbaonline.com.br\/news\/wp-json\/wp\/v2\/categories?post=11712275"},{"taxonomy":"post_tag","embeddable":true,"href":"https:\/\/www.corumbaonline.com.br\/news\/wp-json\/wp\/v2\/tags?post=11712275"}],"curies":[{"name":"wp","href":"https:\/\/api.w.org\/{rel}","templated":true}]}}