{"id":11712313,"date":"2021-02-12T11:45:00","date_gmt":"2021-02-12T15:45:00","guid":{"rendered":"http:\/\/www.corumbaonline.com.br\/news\/?p=11712313"},"modified":"2021-02-12T14:30:06","modified_gmt":"2021-02-12T18:30:06","slug":"ifms-divulga-resultado-para-especializacao-em-docencia","status":"publish","type":"post","link":"https:\/\/www.corumbaonline.com.br\/news\/ifms-divulga-resultado-para-especializacao-em-docencia\/","title":{"rendered":"IFMS divulga resultado para especializa\u00e7\u00e3o em doc\u00eancia"},"content":{"rendered":"<p>O Instituto Federal de Mato Grosso do Sul (IFMS) divulgou na quarta-feira, 10, o resultado do sorteio eletr\u00f4nico para 160 vagas ofertadas em dois processos seletivos para ingresso na especializa\u00e7\u00e3o\u00a0<em>lato sensu<\/em>\u00a0em Doc\u00eancia para Educa\u00e7\u00e3o Profissional, Cient\u00edfica e Tecnol\u00f3gica.<\/p>\n<p>No resultado consta a classifica\u00e7\u00e3o do sorteio, com selecionados e candidatos da lista de espera, respeitando a vagas reservadas, de acordo com os diferentes p\u00fablicos previstos.<\/p>\n<p>No\u00a0<a title=\"edital n\u00b0 002\/2021\" href=\"http:\/\/www.ifms.edu.br:9000\/lists\/lt.php?tid=KxkNUVNeVgZRBEtRUlhXTlAHAFBOAQkNDxsNX1ADBlJTAVYFVQEfBFUDUFRRV1NOBlAFAE4NXQ8EG1kEB1BPCQdVAgRcAAJSAgcHH1ICAwYCUlcDTghaXAYbDFZQBk8JVlZUH1AKVgBWAgNWVAIABw\" target=\"_blank\" rel=\"noopener noreferrer\">edital n\u00b0 002\/2021<\/a>\u00a0foram ofertadas 120 vagas, divididas entre servidores do IFMS e p\u00fablico externo, nos campi Corumb\u00e1, Ponta Por\u00e3 e Tr\u00eas Lagoas. Como o n\u00famero de inscritos para as vagas destinadas aos servidores foi menor do que o de vagas ofertadas, elas foram repassadas ao p\u00fablico externo.<\/p>\n<p>Foram registradas 907 inscri\u00e7\u00f5es. O Campus Corumb\u00e1 foi quem mais recebeu inscri\u00e7\u00f5es, com 383 no total.<\/p>\n<p>J\u00e1 no\u00a0<a title=\"edital n\u00b0 003\/2021\" href=\"http:\/\/www.ifms.edu.br:9000\/lists\/lt.php?tid=KxlQUwdcVgZQA0tQUQVQTlBTVwNOAFwLDxsBVQMDUwNUBFMLBA4fBFUDUFRRV1NOBlAFAE4NXQ8EG1kEB1BPCQdVAgRcAAJSAgcHH1ICAwYCUlcDTghaXAYbDFZQBk8JVlZUH1AKVgBWAgNWVAIABw\" target=\"_blank\" rel=\"noopener noreferrer\">edital n\u00b0 003\/2021<\/a>\u00a0foram oferecidas 40 vagas, em Campo Grande, distribu\u00eddas a servidores do IFMS, professores da Rede Municipal de Ensino da Capital (REME) e p\u00fablico externo. Como o n\u00famero de inscritos para as vagas destinadas aos servidores foi menor do que o de vagas ofertadas, elas foram repassadas ao p\u00fablico externo.<\/p>\n<p>Participaram do processo seletivo 1.030 candidatos, somando-se todos os p\u00fablicos.<\/p>\n<p><strong>Cronograma<\/strong>\u00a0\u2013 A divulga\u00e7\u00e3o do resultado final e da lista de espera est\u00e1 prevista para 18 de fevereiro. J\u00e1 o per\u00edodo para matr\u00edculas ser\u00e1 entre os dias 22 e 26 do mesmo m\u00eas, no\u00a0<a title=\"sistema de matr\u00edculas do IFMS\" href=\"http:\/\/www.ifms.edu.br:9000\/lists\/lt.php?tid=KxkHVAMAWgEBUksGVgJUTlADAQdOAF0NBxsOVFMKUANbBgwDB10fBFUDUFRRV1NOBlAFAE4NXQ8EG1kEB1BPCQdVAgRcAAJSAgcHH1ICAwYCUlcDTghaXAYbDFZQBk8JVlZUH1AKVgBWAgNWVAIABw\" target=\"_blank\" rel=\"noopener noreferrer\">sistema de matr\u00edculas do IFMS<\/a>.<\/p>\n<p>As aulas ter\u00e3o in\u00edcio no dia 1\u00b0 de mar\u00e7o, seguindo os dias e hor\u00e1rios especificados no edital do processo seletivo.<\/p>\n<p><a title=\"Durante a suspens\u00e3o das atividades presenciais no IFMS\" href=\"http:\/\/www.ifms.edu.br:9000\/lists\/lt.php?tid=KxlTUAEAUQlXUEtUAVZVTlAEAlBOAQ8ODxsOAwAAVQZUVQMBAw8fBFUDUFRRV1NOBlAFAE4NXQ8EG1kEB1BPCQdVAgRcAAJSAgcHH1ICAwYCUlcDTghaXAYbDFZQBk8JVlZUH1AKVgBWAgNWVAIABw\" target=\"_blank\" rel=\"noopener noreferrer\">Durante a suspens\u00e3o das atividades presenciais no IFMS<\/a>, em virtude da pandemia do novo coronav\u00edrus, as aulas ser\u00e3o oferecidas de maneira remota.<\/p>\n<p><strong>Navira\u00ed<\/strong>\u00a0\u2013 O campus tamb\u00e9m oferta 40 vagas no processo seletivo na especializa\u00e7\u00e3o em Doc\u00eancia para Educa\u00e7\u00e3o Profissional, Cient\u00edfica e Tecnol\u00f3gica.\u00a0A lista de inscri\u00e7\u00f5es deferidas foi divulgada no \u00faltimo dia 10, na Central de Sele\u00e7\u00e3o, onde est\u00e1 publicado o\u00a0<a title=\"edital n\u00ba 004\/2021\" href=\"http:\/\/www.ifms.edu.br:9000\/lists\/lt.php?tid=KxkFBl0LVlNUUktVBwUATlBXAVBOWAAAABsIVwsLBldWBldQUQwfBFUDUFRRV1NOBlAFAE4NXQ8EG1kEB1BPCQdVAgRcAAJSAgcHH1ICAwYCUlcDTghaXAYbDFZQBk8JVlZUH1AKVgBWAgNWVAIABw\" target=\"_blank\" rel=\"noopener noreferrer\">edital n\u00ba 004\/2021<\/a>.<\/p>\n<p>Assim como nos outros processos seletivos, as vagas se encontram divididas entre servidores do IFMS e p\u00fablico externo.<\/p>\n<p>A sele\u00e7\u00e3o ser\u00e1 feita por meio de prova escrita e entrevista. A prova escrita, que consistir\u00e1 na produ\u00e7\u00e3o de um texto acerca de um tema, ser\u00e1 realizada no dia 21 de fevereiro. O sorteio do tema ocorrer\u00e1 no dia anterior.<\/p>\n<p>Somente os candidatos classificados na prova escrita ser\u00e3o convocados para a realiza\u00e7\u00e3o da entrevista. N\u00e3o h\u00e1 nota de corte \u2013 ser\u00e3o convocados para a entrevista 25% a mais de candidatos que o n\u00famero de vagas oferecido.<\/p>\n<p>As entrevistas ser\u00e3o feitas entre os dias 15 e 17 de mar\u00e7o, com o in\u00edcio das aulas no m\u00eas de abril. Durante a suspens\u00e3o das atividades presenciais no IFMS em virtude da pandemia do novo coronav\u00edrus, as aulas ocorrer\u00e3o de maneira remota.<\/p>\n","protected":false},"excerpt":{"rendered":"<p>O Instituto Federal de Mato Grosso do Sul (IFMS) divulgou na quarta-feira, 10, o resultado&#8230;<\/p>\n","protected":false},"author":9,"featured_media":0,"comment_status":"closed","ping_status":"closed","sticky":false,"template":"","format":"standard","meta":{"footnotes":""},"categories":[10],"tags":[],"class_list":["post-11712313","post","type-post","status-publish","format-standard","hentry","category-educacao"],"_links":{"self":[{"href":"https:\/\/www.corumbaonline.com.br\/news\/wp-json\/wp\/v2\/posts\/11712313","targetHints":{"allow":["GET"]}}],"collection":[{"href":"https:\/\/www.corumbaonline.com.br\/news\/wp-json\/wp\/v2\/posts"}],"about":[{"href":"https:\/\/www.corumbaonline.com.br\/news\/wp-json\/wp\/v2\/types\/post"}],"author":[{"embeddable":true,"href":"https:\/\/www.corumbaonline.com.br\/news\/wp-json\/wp\/v2\/users\/9"}],"replies":[{"embeddable":true,"href":"https:\/\/www.corumbaonline.com.br\/news\/wp-json\/wp\/v2\/comments?post=11712313"}],"version-history":[{"count":1,"href":"https:\/\/www.corumbaonline.com.br\/news\/wp-json\/wp\/v2\/posts\/11712313\/revisions"}],"predecessor-version":[{"id":11712314,"href":"https:\/\/www.corumbaonline.com.br\/news\/wp-json\/wp\/v2\/posts\/11712313\/revisions\/11712314"}],"wp:attachment":[{"href":"https:\/\/www.corumbaonline.com.br\/news\/wp-json\/wp\/v2\/media?parent=11712313"}],"wp:term":[{"taxonomy":"category","embeddable":true,"href":"https:\/\/www.corumbaonline.com.br\/news\/wp-json\/wp\/v2\/categories?post=11712313"},{"taxonomy":"post_tag","embeddable":true,"href":"https:\/\/www.corumbaonline.com.br\/news\/wp-json\/wp\/v2\/tags?post=11712313"}],"curies":[{"name":"wp","href":"https:\/\/api.w.org\/{rel}","templated":true}]}}