{"id":11712352,"date":"2021-02-15T11:00:00","date_gmt":"2021-02-15T15:00:00","guid":{"rendered":"http:\/\/www.corumbaonline.com.br\/news\/?p=11712352"},"modified":"2021-02-15T12:47:08","modified_gmt":"2021-02-15T16:47:08","slug":"boletim-traz-registro-de-395-novos-casos-de-covid-19-no-estado-196-na-capital","status":"publish","type":"post","link":"https:\/\/www.corumbaonline.com.br\/news\/boletim-traz-registro-de-395-novos-casos-de-covid-19-no-estado-196-na-capital\/","title":{"rendered":"Boletim traz registro de 395 novos casos de Covid-19 no Estado, 196 na Capital"},"content":{"rendered":"<p style=\"box-sizing: border-box; margin-bottom: 2em; font-size: 16px; line-height: 1.8em; text-align: justify; color: #212529; font-family: 'Open Sans', sans-serif;\">Com um total de 170.917 casos, 710 amostras em an\u00e1lise, 5.175 casos sem encerramento nos sistemas dos munic\u00edpios e 3.142 mortes decorrentes do novo coronav\u00edrus, o Boletim Covid-19 divulgado nesta segunda-feira (15) pela Secretaria de Sa\u00fade do Estado (SES) traz os \u00faltimos dados da pandemia no Estado.<\/p>\n<p style=\"box-sizing: border-box; margin-top: 0px; margin-bottom: 2em; font-size: 16px; line-height: 1.8em; text-align: justify; color: #212529; font-family: 'Open Sans', sans-serif;\">Foram registrados nas \u00faltimas 24 horas mais 395 casos positivos para a doen\u00e7a e 12 \u00f3bitos.<\/p>\n<p style=\"box-sizing: border-box; margin-top: 0px; margin-bottom: 2em; font-size: 16px; line-height: 1.8em; text-align: justify; color: #212529; font-family: 'Open Sans', sans-serif;\"><img loading=\"lazy\" decoding=\"async\" class=\"alignnone wp-image-342006 size-full\" style=\"box-sizing: border-box; vertical-align: middle; margin: 5px 20px 20px 0px;\" src=\"http:\/\/www.ms.gov.br\/wp-content\/uploads\/sites\/150\/2021\/02\/tela-covid-15-02.png\" sizes=\"auto, (max-width: 675px) 100vw, 675px\" srcset=\"http:\/\/www.ms.gov.br\/wp-content\/uploads\/sites\/150\/2021\/02\/tela-covid-15-02.png 675w, http:\/\/www.ms.gov.br\/wp-content\/uploads\/sites\/150\/2021\/02\/tela-covid-15-02-300x163.png 300w, http:\/\/www.ms.gov.br\/wp-content\/uploads\/sites\/150\/2021\/02\/tela-covid-15-02-350x190.png 350w\" alt=\"\" width=\"675\" height=\"367\" \/><\/p>\n<p style=\"box-sizing: border-box; margin-top: 0px; margin-bottom: 2em; font-size: 16px; line-height: 1.8em; text-align: justify; color: #212529; font-family: 'Open Sans', sans-serif;\">A Capital tem o maior n\u00famero de infectados: mais 196 pessoas testaram positivo. Em seguida vem Corumb\u00e1 + 65; Dourados +24; Iguatemi + 13 e Tr\u00eas Lagoas +8 casos novos.<\/p>\n<p style=\"box-sizing: border-box; margin-top: 0px; margin-bottom: 2em; font-size: 16px; line-height: 1.8em; text-align: justify; color: #212529; font-family: 'Open Sans', sans-serif;\">As mortes foram registradas em cinco munic\u00edpios: Campo Grande (5 pessoas); Dourados (4); Bonito, Rio Negro e Ponta Por\u00e3, perderam um paciente cada.<\/p>\n<p style=\"box-sizing: border-box; margin-top: 0px; margin-bottom: 2em; font-size: 16px; line-height: 1.8em; text-align: justify; color: #212529; font-family: 'Open Sans', sans-serif;\">Ocupa\u00e7\u00e3o hospitalar nas macrorregi\u00f5es do Estado \u00e9 a seguinte: Dourados 77%; Campo Grande 77%; Corumb\u00e1 58% e Tr\u00eas Lagoas 56%.<\/p>\n<p style=\"box-sizing: border-box; margin-top: 0px; margin-bottom: 2em; font-size: 16px; line-height: 1.8em; text-align: justify; color: #212529; font-family: 'Open Sans', sans-serif;\">Est\u00e3o em isolamento domiciliar 6.473 pessoas e 446 pacientes est\u00e3o internados. Os leitos de UTI continuam ultrapassando os leitos cl\u00ednicos. O n\u00famero de internados na UTI \u00e9 de 225 e em leitos cl\u00ednicos 221.<\/p>\n<p style=\"box-sizing: border-box; margin-top: 0px; margin-bottom: 2em; font-size: 16px; line-height: 1.8em; text-align: justify; color: #212529; font-family: 'Open Sans', sans-serif;\"><a style=\"box-sizing: border-box; color: #444444; text-decoration-line: none; background-color: transparent;\" href=\"http:\/\/www.ms.gov.br\/wp-content\/uploads\/sites\/150\/2021\/02\/Boletim-Epidemiol%C3%B3gico-COVID-19-2021.02.15.pdf\"><span style=\"box-sizing: border-box; color: #0000ff;\">Acesse aqui o Boletim completo.<\/span><\/a><\/p>\n","protected":false},"excerpt":{"rendered":"<p>Com um total de 170.917 casos, 710 amostras em an\u00e1lise, 5.175 casos sem encerramento nos&#8230;<\/p>\n","protected":false},"author":13,"featured_media":11710159,"comment_status":"closed","ping_status":"closed","sticky":false,"template":"","format":"standard","meta":{"footnotes":""},"categories":[116,8,21],"tags":[],"class_list":["post-11712352","post","type-post","status-publish","format-standard","has-post-thumbnail","hentry","category-coronavirus","category-destaque","category-saude"],"_links":{"self":[{"href":"https:\/\/www.corumbaonline.com.br\/news\/wp-json\/wp\/v2\/posts\/11712352","targetHints":{"allow":["GET"]}}],"collection":[{"href":"https:\/\/www.corumbaonline.com.br\/news\/wp-json\/wp\/v2\/posts"}],"about":[{"href":"https:\/\/www.corumbaonline.com.br\/news\/wp-json\/wp\/v2\/types\/post"}],"author":[{"embeddable":true,"href":"https:\/\/www.corumbaonline.com.br\/news\/wp-json\/wp\/v2\/users\/13"}],"replies":[{"embeddable":true,"href":"https:\/\/www.corumbaonline.com.br\/news\/wp-json\/wp\/v2\/comments?post=11712352"}],"version-history":[{"count":1,"href":"https:\/\/www.corumbaonline.com.br\/news\/wp-json\/wp\/v2\/posts\/11712352\/revisions"}],"predecessor-version":[{"id":11712353,"href":"https:\/\/www.corumbaonline.com.br\/news\/wp-json\/wp\/v2\/posts\/11712352\/revisions\/11712353"}],"wp:featuredmedia":[{"embeddable":true,"href":"https:\/\/www.corumbaonline.com.br\/news\/wp-json\/wp\/v2\/media\/11710159"}],"wp:attachment":[{"href":"https:\/\/www.corumbaonline.com.br\/news\/wp-json\/wp\/v2\/media?parent=11712352"}],"wp:term":[{"taxonomy":"category","embeddable":true,"href":"https:\/\/www.corumbaonline.com.br\/news\/wp-json\/wp\/v2\/categories?post=11712352"},{"taxonomy":"post_tag","embeddable":true,"href":"https:\/\/www.corumbaonline.com.br\/news\/wp-json\/wp\/v2\/tags?post=11712352"}],"curies":[{"name":"wp","href":"https:\/\/api.w.org\/{rel}","templated":true}]}}