{"id":11712354,"date":"2021-02-15T11:15:00","date_gmt":"2021-02-15T15:15:00","guid":{"rendered":"http:\/\/www.corumbaonline.com.br\/news\/?p=11712354"},"modified":"2021-02-15T12:58:45","modified_gmt":"2021-02-15T16:58:45","slug":"o-povo-ta-vibrando-diz-bolsonaro-sobre-decreto-de-armas","status":"publish","type":"post","link":"https:\/\/www.corumbaonline.com.br\/news\/o-povo-ta-vibrando-diz-bolsonaro-sobre-decreto-de-armas\/","title":{"rendered":"&#8216;O povo t\u00e1 vibrando&#8217;, diz Bolsonaro sobre decreto de armas"},"content":{"rendered":"<p><span style=\"color: #000000; font-family: sans-serif;\">Ao ser questionado pelos jornalistas sobre os decretos que facilitam o acesso a armas e muni\u00e7\u00f5es no Pa\u00eds, o presidente Jair Bolsonaro afirmou neste domingo, 14, que &#8220;o povo t\u00e1 vibrando&#8221;. A declara\u00e7\u00e3o foi dada logo ap\u00f3s o presidente encontrar apoiadores na sa\u00edda do\u00a0<\/span><strong style=\"box-sizing: border-box; color: #000000; font-family: sans-serif;\">Forte Marechal Luz<\/strong><span style=\"color: #000000; font-family: sans-serif;\">, em S\u00e3o Francisco do Sul (SC), onde passa o carnaval com a fam\u00edlia. Os jornalistas insistiram no assunto, mas Bolsonaro se negou a responder. &#8220;S\u00f3 falo se estiver ao vivo&#8221;, disse, j\u00e1 deixando o local.<\/span><\/p>\n<p>Mais cedo foi a vez do filho e deputado federal Eduardo Bolsonaro (PSL) cobrar apoio aos decretos durante um encontro com apoiadores. &#8220;Cad\u00ea o rapaz que queria arma?&#8221;, perguntou Eduardo ao grupo de pessoas que aguardava o presidente na praia, no fim da manh\u00e3.<\/p>\n<p class=\"text\">Em tom de jogral, Eduardo utilizou velhos bord\u00f5es contra a esquerda para interagir com o p\u00fablico: &#8220;Voc\u00eas est\u00e3o com saudades do BNDES mandando dinheiro para Cuba?&#8221;, questionou, ouvindo na sequ\u00eancia um coro de &#8220;n\u00e3o&#8221;. Em seguida, perguntou: &#8220;Crian\u00e7a na escola \u00e9 para aprender sexo?&#8221;<\/p>\n<p class=\"text\">Ele tamb\u00e9m provocou o ex-presidente Luiz In\u00e1cio Lula da Silva. &#8220;Se o Lula vier aqui vai ter esse carinho todo?&#8221;, questionou o filho 03 de Bolsonaro ao grupo de apoiadores do pai.<\/p>\n<p class=\"text\">Mas houve a mesma receptividade entre os presentes quando Eduardo falou sobre o rec\u00e9m publicado decreto das armas, que flexibiliza a compra de armas e muni\u00e7\u00e3o. Os v\u00eddeos foram postados na rede social do deputado federal.<\/p>\n<p class=\"text\">No fim da noite de sexta-feira,12, o governo federal alterou quatro decretos de 2019 que regulam a aquisi\u00e7\u00e3o de armamento e muni\u00e7\u00e3o por agentes de seguran\u00e7a e grupos de colecionadores, atiradores e ca\u00e7adores (CACs). As altera\u00e7\u00f5es flexibilizam os limites para compra e estoque de armas e cartuchos.<\/p>\n<p class=\"text\">Entre as mudan\u00e7as est\u00e3o o aumento, de quatro para seis, do n\u00famero m\u00e1ximo de armas de uso permitido para pessoas com Certificado de Registro de Arma de Fogo, a possibilidade de substituir o laudo de capacidade t\u00e9cnica &#8211; exigido pela legisla\u00e7\u00e3o para colecionadores, atiradores e ca\u00e7adores &#8211; por um &#8220;atestado de habitualidade&#8221;, emitido por clubes ou entidades de tiro.<\/p>\n<p class=\"text\">Outra mudan\u00e7a \u00e9 a permiss\u00e3o para que atiradores e ca\u00e7adores registrados comprem at\u00e9 60 e 30 armas, respectivamente, sem necessidade de autoriza\u00e7\u00e3o expressa do Ex\u00e9rcito.<\/p>\n<p class=\"text\">No s\u00e1bado, Bolsonaro citou o referendo de 2005 ao divulgar, no Twitter, a publica\u00e7\u00e3o dos decretos. &#8220;Em 2005, via referendo, o povo decidiu pelo direito \u00e0s armas e pela leg\u00edtima defesa&#8221;, afirmou.<\/p>\n<p class=\"text\">A consulta popular levou \u00e0 derrubada de um artigo do Estatuto do Desarmamento que proibia o com\u00e9rcio de armas no Pa\u00eds.<\/p>\n<p class=\"text\">Facilitar o acesso \u00e0s armas e muni\u00e7\u00f5es \u00e9 uma bandeira de Bolsonaro desde a \u00e9poca em que ele era deputado. Em 2019, o presidente tentou flexibilizar o porte e a posse de armamento por decreto, mas foi derrotado no Senado, que anulou o ato por meio de um projeto de decreto legislativo. Quando o texto foi enviado \u00e0 C\u00e2mara, o governo recuou e decidiu revogar seu pr\u00f3prio decreto para evitar a derrota.<\/p>\n<p class=\"text\">Em janeiro, Bolsonaro afirmou a apoiadores, na porta do Pal\u00e1cio do Alvorada, que preparava novos decretos para facilitar o acesso a armas de fogo a CACs. Na ocasi\u00e3o, citou o crescimento recorde na venda de armamentos, mas disse esperar aumento ainda maior. Segundo a Pol\u00edcia Federal, 179.771 novas armas foram registradas no Pa\u00eds no ano passado, aumento de 91% em rela\u00e7\u00e3o a 2019.<\/p>\n<p class=\"text\">Parlamentares do PSOL e do PCdoB informaram que v\u00e3o ao Supremo Tribunal Federal contestar as mudan\u00e7as. O deputado Marcelo Freixo (PSOL-RJ) apontou &#8220;risco \u00e0 democracia&#8221;, anunciou que o partido vai ajuizar uma A\u00e7\u00e3o Direta de Inconstitucionalidade (Adi).<\/p>\n","protected":false},"excerpt":{"rendered":"<p>Ao ser questionado pelos jornalistas sobre os decretos que facilitam o acesso a armas e&#8230;<\/p>\n","protected":false},"author":11,"featured_media":0,"comment_status":"closed","ping_status":"closed","sticky":false,"template":"","format":"standard","meta":{"footnotes":""},"categories":[19],"tags":[],"class_list":["post-11712354","post","type-post","status-publish","format-standard","hentry","category-politica"],"_links":{"self":[{"href":"https:\/\/www.corumbaonline.com.br\/news\/wp-json\/wp\/v2\/posts\/11712354","targetHints":{"allow":["GET"]}}],"collection":[{"href":"https:\/\/www.corumbaonline.com.br\/news\/wp-json\/wp\/v2\/posts"}],"about":[{"href":"https:\/\/www.corumbaonline.com.br\/news\/wp-json\/wp\/v2\/types\/post"}],"author":[{"embeddable":true,"href":"https:\/\/www.corumbaonline.com.br\/news\/wp-json\/wp\/v2\/users\/11"}],"replies":[{"embeddable":true,"href":"https:\/\/www.corumbaonline.com.br\/news\/wp-json\/wp\/v2\/comments?post=11712354"}],"version-history":[{"count":1,"href":"https:\/\/www.corumbaonline.com.br\/news\/wp-json\/wp\/v2\/posts\/11712354\/revisions"}],"predecessor-version":[{"id":11712356,"href":"https:\/\/www.corumbaonline.com.br\/news\/wp-json\/wp\/v2\/posts\/11712354\/revisions\/11712356"}],"wp:attachment":[{"href":"https:\/\/www.corumbaonline.com.br\/news\/wp-json\/wp\/v2\/media?parent=11712354"}],"wp:term":[{"taxonomy":"category","embeddable":true,"href":"https:\/\/www.corumbaonline.com.br\/news\/wp-json\/wp\/v2\/categories?post=11712354"},{"taxonomy":"post_tag","embeddable":true,"href":"https:\/\/www.corumbaonline.com.br\/news\/wp-json\/wp\/v2\/tags?post=11712354"}],"curies":[{"name":"wp","href":"https:\/\/api.w.org\/{rel}","templated":true}]}}