{"id":11712358,"date":"2021-02-15T11:34:00","date_gmt":"2021-02-15T15:34:00","guid":{"rendered":"http:\/\/www.corumbaonline.com.br\/news\/?p=11712358"},"modified":"2021-02-15T13:11:14","modified_gmt":"2021-02-15T17:11:14","slug":"vice-da-camara-diz-que-povo-precisa-de-vacina-nao-de-armas-e-acredita-que-polemica-vai-parar-no-stf","status":"publish","type":"post","link":"https:\/\/www.corumbaonline.com.br\/news\/vice-da-camara-diz-que-povo-precisa-de-vacina-nao-de-armas-e-acredita-que-polemica-vai-parar-no-stf\/","title":{"rendered":"Vice da C\u00e2mara diz que povo precisa de &#8216;vacina, n\u00e3o de armas&#8217; e acredita que pol\u00eamica vai parar no STF"},"content":{"rendered":"<div data-block-type=\"unstyled\" data-block-weight=\"32\" data-block-id=\"2\">\n<p data-track-category=\"Link no Texto\" data-track-links=\"\">O vice-presidente da C\u00e2mara, deputado Marcelo Ramos (PL-AM), acredita que a\u00a0decis\u00e3o do presidente Bolsonaro que ampliou e facilitou o acesso da popula\u00e7\u00e3o a armas\u00a0ser\u00e1 barrado pelo Supremo Tribunal Federal (STF).<\/p>\n<\/div>\n<div>\n<div data-block-type=\"unstyled\" data-block-weight=\"68\" data-block-id=\"3\">\n<p data-track-category=\"Link no Texto\" data-track-links=\"\">Ramos, que foi eleito vice da C\u00e2mara na chapa do presidente da Casa, Arthur Lira (PP-AL), aliado do Pal\u00e1cio do Planalto, afirmou ao\u00a0blog\u00a0que n\u00e3o est\u00e1 falando pela institui\u00e7\u00e3o. Mas que \u201ctem ju\u00edzo\u201d e \u00e9 contra \u201cconte\u00fado e forma\u201d da decis\u00e3o de \u201carmar a popula\u00e7\u00e3o\u201d.\u00a0Lira j\u00e1 disse avaliar que Bolsonaro n\u00e3o invadiu compet\u00eancia do Legislativo ao editar decretos,\u00a0o que contraria a declara\u00e7\u00e3o de Ramos.<\/p>\n<div data-block-type=\"unstyled\" data-block-weight=\"38\" data-block-id=\"6\">\n<p data-track-category=\"Link no Texto\" data-track-links=\"\">Ao\u00a0blog, Ramos disse que h\u00e1 \u201cum uso da quest\u00e3o do CACs [sigla para colecionadores, atiradores e ca\u00e7adores] para dissimular o desejo de armar a popula\u00e7\u00e3o\u201d. \u201cO povo n\u00e3o precisa de arma, precisa de vacina\u201d, afirmou.<\/p>\n<\/div>\n<div data-block-type=\"unstyled\" data-block-weight=\"55\" data-block-id=\"7\">\n<p data-track-category=\"Link no Texto\" data-track-links=\"\">Na \u00faltima sexta-feira (12),\u00a0o presidente da Rep\u00fablica assinou quatro decretos que modificam atos anteriores editados por ele mesmo. A flexibiliza\u00e7\u00e3o no uso e na compra de armas foi uma das principais promessas de campanha do presidente e uma das principais causas defendidas por ele ao longo do mandato.<\/p>\n<p data-track-category=\"Link no Texto\" data-track-links=\"\">Decretos s\u00e3o atos do presidente da Rep\u00fablica que devem regulamentar leis. Por isso, n\u00e3o passam pela aprova\u00e7\u00e3o do Congresso. No caso, Bolsonaro afirma que est\u00e1 regulamentando o Estatuto do Desarmamento, aprovado em 2003. As novas regras passam a valer em 60 dias.<\/p>\n<div data-block-type=\"unstyled\" data-block-weight=\"5\" data-block-id=\"12\">\n<p data-track-category=\"Link no Texto\" data-track-links=\"\">Entre outros pontos, os decretos:<\/p>\n<\/div>\n<div data-block-type=\"raw\" data-block-weight=\"50\" data-block-id=\"13\">\n<ul>\n<li>aumentam o n\u00famero de armas que um cidad\u00e3o comum pode adquirir;<\/li>\n<li>ampliam o n\u00famero de categorias profissionais que t\u00eam direito a comprar armas e muni\u00e7\u00f5es controladas pelo Ex\u00e9rcito;<\/li>\n<li>flexibilizam a comprova\u00e7\u00e3o de aptid\u00e3o psicol\u00f3gica para colecionadores, atiradores e ca\u00e7adores (CACs);<\/li>\n<li>mudam as regras de muni\u00e7\u00e3o e armas para os CACs.<\/li>\n<\/ul>\n<\/div>\n<div data-block-type=\"unstyled\" data-block-weight=\"20\" data-block-id=\"15\">\n<p data-track-category=\"Link no Texto\" data-track-links=\"\">Os novos decretos de Bolsonaro sobre armas tamb\u00e9m foram alvos de cr\u00edticas de entidades da \u00e1rea de seguran\u00e7a p\u00fablica.<\/p>\n<\/div>\n<div data-block-type=\"unstyled\" data-block-weight=\"30\" data-block-id=\"16\">\n<p data-track-category=\"Link no Texto\" data-track-links=\"\">No domingo (14), nas redes sociais, Ramos disse que Bolsonaro\u00a0exacerbou sua compet\u00eancia\u00a0e que o presidente pode discutir sua pretens\u00e3o, mas encaminhando projeto de lei \u00e0 C\u00e2mara.<\/p>\n<\/div>\n<\/div>\n<\/div>\n<\/div>\n","protected":false},"excerpt":{"rendered":"<p>O vice-presidente da C\u00e2mara, deputado Marcelo Ramos (PL-AM), acredita que a\u00a0decis\u00e3o do presidente Bolsonaro que&#8230;<\/p>\n","protected":false},"author":3,"featured_media":0,"comment_status":"closed","ping_status":"closed","sticky":false,"template":"","format":"standard","meta":{"footnotes":""},"categories":[19],"tags":[],"class_list":["post-11712358","post","type-post","status-publish","format-standard","hentry","category-politica"],"_links":{"self":[{"href":"https:\/\/www.corumbaonline.com.br\/news\/wp-json\/wp\/v2\/posts\/11712358","targetHints":{"allow":["GET"]}}],"collection":[{"href":"https:\/\/www.corumbaonline.com.br\/news\/wp-json\/wp\/v2\/posts"}],"about":[{"href":"https:\/\/www.corumbaonline.com.br\/news\/wp-json\/wp\/v2\/types\/post"}],"author":[{"embeddable":true,"href":"https:\/\/www.corumbaonline.com.br\/news\/wp-json\/wp\/v2\/users\/3"}],"replies":[{"embeddable":true,"href":"https:\/\/www.corumbaonline.com.br\/news\/wp-json\/wp\/v2\/comments?post=11712358"}],"version-history":[{"count":1,"href":"https:\/\/www.corumbaonline.com.br\/news\/wp-json\/wp\/v2\/posts\/11712358\/revisions"}],"predecessor-version":[{"id":11712359,"href":"https:\/\/www.corumbaonline.com.br\/news\/wp-json\/wp\/v2\/posts\/11712358\/revisions\/11712359"}],"wp:attachment":[{"href":"https:\/\/www.corumbaonline.com.br\/news\/wp-json\/wp\/v2\/media?parent=11712358"}],"wp:term":[{"taxonomy":"category","embeddable":true,"href":"https:\/\/www.corumbaonline.com.br\/news\/wp-json\/wp\/v2\/categories?post=11712358"},{"taxonomy":"post_tag","embeddable":true,"href":"https:\/\/www.corumbaonline.com.br\/news\/wp-json\/wp\/v2\/tags?post=11712358"}],"curies":[{"name":"wp","href":"https:\/\/api.w.org\/{rel}","templated":true}]}}