{"id":11712360,"date":"2021-02-15T14:00:00","date_gmt":"2021-02-15T18:00:00","guid":{"rendered":"http:\/\/www.corumbaonline.com.br\/news\/?p=11712360"},"modified":"2021-02-15T14:26:48","modified_gmt":"2021-02-15T18:26:48","slug":"saude-orienta-sobre-segunda-dose-da-vacina-contra-a-covid-19","status":"publish","type":"post","link":"https:\/\/www.corumbaonline.com.br\/news\/saude-orienta-sobre-segunda-dose-da-vacina-contra-a-covid-19\/","title":{"rendered":"Sa\u00fade orienta sobre segunda dose da vacina contra a Covid-19"},"content":{"rendered":"<p>A Vacina\u00e7\u00e3o contra a Covid-19 teve in\u00edcio em Corumb\u00e1 no dia 19 de janeiro, deste ent\u00e3o o munic\u00edpio j\u00e1 recebeu 5.526 doses do imunizante, sendo 970 da Covishild, produzida pela AstraZeneca, em parceria com a Universidade de Oxford, e 4.556 da Coronavac, produzida pelo Sinovac e Butantan.<\/p>\n<p>A aplica\u00e7\u00e3o da primeira dose do imunizante n\u00e3o garante prote\u00e7\u00e3o imediata, sendo necess\u00e1rio um refor\u00e7o. A segunda dose da Coronavac deve ser no intervalo de 2 a 4 semanas; j\u00e1 a Covishild de 4 a 12 semanas. No ato da vacina\u00e7\u00e3o \u00e9 anotado no cart\u00e3o a data prov\u00e1vel da segunda dose.<\/p>\n<p>Mesmo depois da segunda inje\u00e7\u00e3o, ainda \u00e9 preciso esperar pelo menos mais duas semanas at\u00e9 o sistema imunol\u00f3gico reagir.<\/p>\n<p>Quem j\u00e1 est\u00e1 no per\u00edodo correto para tomar a segunda dose pode procurar o Centro de Sa\u00fade da Ladeira, de segunda a sexta, das 7h30 \u00e0s 10h30, e das 13h30 \u00e0s 16h. Informa\u00e7\u00f5es no N\u00facleo de Imuniza\u00e7\u00e3o pelo telefone 3907-5425.<\/p>\n<p>Idosos acima de 80 anos que ainda n\u00e3o receberam a primeira dose devem realizar o cadastro no site\u00a0<a href=\"http:\/\/vacina.corumba.ms.gov.br\/coronavirus\/\">http:\/\/vacina.corumba.ms.gov.br\/coronavirus\/<\/a>, para que o munic\u00edpio fa\u00e7a uma estimativa de quantos idosos faltam\u00a0 ser imunizados. Quem n\u00e3o tiver acesso \u00e0 internet pode procurar a Unidade de Sa\u00fade de refer\u00eancia para fazer o cadastro.<\/p>\n<p>A Secretaria de Sa\u00fade refor\u00e7a que o munic\u00edpio est\u00e1 recebendo as doses gradativamente, conforme novo lote ser\u00e1 aberto para novos p\u00fablicos.<\/p>\n","protected":false},"excerpt":{"rendered":"<p>A Vacina\u00e7\u00e3o contra a Covid-19 teve in\u00edcio em Corumb\u00e1 no dia 19 de janeiro, deste&#8230;<\/p>\n","protected":false},"author":70,"featured_media":11712364,"comment_status":"closed","ping_status":"closed","sticky":false,"template":"","format":"standard","meta":{"footnotes":""},"categories":[116,8,21],"tags":[],"class_list":["post-11712360","post","type-post","status-publish","format-standard","has-post-thumbnail","hentry","category-coronavirus","category-destaque","category-saude"],"_links":{"self":[{"href":"https:\/\/www.corumbaonline.com.br\/news\/wp-json\/wp\/v2\/posts\/11712360","targetHints":{"allow":["GET"]}}],"collection":[{"href":"https:\/\/www.corumbaonline.com.br\/news\/wp-json\/wp\/v2\/posts"}],"about":[{"href":"https:\/\/www.corumbaonline.com.br\/news\/wp-json\/wp\/v2\/types\/post"}],"author":[{"embeddable":true,"href":"https:\/\/www.corumbaonline.com.br\/news\/wp-json\/wp\/v2\/users\/70"}],"replies":[{"embeddable":true,"href":"https:\/\/www.corumbaonline.com.br\/news\/wp-json\/wp\/v2\/comments?post=11712360"}],"version-history":[{"count":1,"href":"https:\/\/www.corumbaonline.com.br\/news\/wp-json\/wp\/v2\/posts\/11712360\/revisions"}],"predecessor-version":[{"id":11712365,"href":"https:\/\/www.corumbaonline.com.br\/news\/wp-json\/wp\/v2\/posts\/11712360\/revisions\/11712365"}],"wp:featuredmedia":[{"embeddable":true,"href":"https:\/\/www.corumbaonline.com.br\/news\/wp-json\/wp\/v2\/media\/11712364"}],"wp:attachment":[{"href":"https:\/\/www.corumbaonline.com.br\/news\/wp-json\/wp\/v2\/media?parent=11712360"}],"wp:term":[{"taxonomy":"category","embeddable":true,"href":"https:\/\/www.corumbaonline.com.br\/news\/wp-json\/wp\/v2\/categories?post=11712360"},{"taxonomy":"post_tag","embeddable":true,"href":"https:\/\/www.corumbaonline.com.br\/news\/wp-json\/wp\/v2\/tags?post=11712360"}],"curies":[{"name":"wp","href":"https:\/\/api.w.org\/{rel}","templated":true}]}}