{"id":11712366,"date":"2021-02-15T16:00:00","date_gmt":"2021-02-15T20:00:00","guid":{"rendered":"http:\/\/www.corumbaonline.com.br\/news\/?p=11712366"},"modified":"2021-02-15T16:13:37","modified_gmt":"2021-02-15T20:13:37","slug":"lewandowski-autoriza-acao-da-pf-no-inquerito-contra-pazuello","status":"publish","type":"post","link":"https:\/\/www.corumbaonline.com.br\/news\/lewandowski-autoriza-acao-da-pf-no-inquerito-contra-pazuello\/","title":{"rendered":"Lewandowski autoriza a\u00e7\u00e3o da PF no inqu\u00e9rito contra Pazuello"},"content":{"rendered":"<p>O ministro\u00a0Ricardo Lewandowski, do\u00a0Supremo Tribunal Federal, autorizou nesta segunda, 15, novas dilig\u00eancias no inqu\u00e9rito que mira a atua\u00e7\u00e3o do ministro da Sa\u00fade, general Eduardo Pazuello, no colapso da rede p\u00fablica de hospitais em Manaus. Entre as medidas est\u00e3o a obten\u00e7\u00e3o de informa\u00e7\u00f5es sobre gastos com cloroquina e hidroxicloroquina e oitivas com servidores do Minist\u00e9rio da Sa\u00fade, do governo do Estado e da Prefeitura de Manaus que participaram de reuni\u00f5es sobre a crise que abalou a capital do Amazonas.<\/p>\n<p>O ministro tamb\u00e9m deu aval para a requisi\u00e7\u00e3o de e-mails institucionais trocados pelo Minist\u00e9rio da Sa\u00fade com os governos estadual e municipal sobre o combate \u00e0 pandemia, e tamb\u00e9m validou a requisi\u00e7\u00e3o de informa\u00e7\u00f5es sobre o transporte de oxig\u00eanio para Manaus.<\/p>\n<p>Lewandowski validou a identifica\u00e7\u00e3o e posterior oitiva de desenvolvedores do aplicativo TrateCov, disponibilizado pelo Minist\u00e9rio da Sa\u00fade a m\u00e9dicos de Manaus. A plataforma recomendava o uso de cloroquina e ivermectina para tratamento de sintomas de n\u00e1usea, diarreia e at\u00e9 ressaca. A prescri\u00e7\u00e3o era feita sem qualquer controle sobre as informa\u00e7\u00f5es dos pacientes, o que permitia a prescri\u00e7\u00e3o das medica\u00e7\u00f5es para beb\u00eas e rec\u00e9m-nascidos.<\/p>\n<p>As dilig\u00eancias foram solicitadas pela Procuradoria-Geral da Rep\u00fablica. Segundo Lewandowski, a PGR busca obter &#8216;melhor compreens\u00e3o da din\u00e2mica segundo a qual transcorreram aos fatos, especialmente no tocante \u00e0s comunica\u00e7\u00f5es entre os distintos \u00f3rg\u00e3os da Administra\u00e7\u00e3o P\u00fablica e \u00e1s medidas adotadas para o combate \u00e0 pandemia&#8217;.<\/p>\n<p>&#8220;Afirma [a PGR], ainda, que quanto \u00e0 distribui\u00e7\u00e3o de medicamentos e demais a\u00e7\u00f5es priorit\u00e1rias do Minist\u00e9rio da Sa\u00fade, \u00e9 preciso obter dados sobre gastos com a aquisi\u00e7\u00e3o e distribui\u00e7\u00e3o dos medicamentos cloroquina e hidroxicloroquina&#8221;, narrou Lewandowski. &#8220;Aduz que se faz necess\u00e1rio reunir elementos acerca do aplicativo &#8216;TrateCov&#8217;, disponibilizado pela supracitada Pasta para auxiliar m\u00e9dicos no diagn\u00f3stico da doen\u00e7a causada pelo novo coronav\u00edrus&#8221;.<\/p>\n<p>Omiss\u00e3o. O inqu\u00e9rito que mira a atua\u00e7\u00e3o de Pazuello no colapso do sistema de sa\u00fade de Manaus foi aberto em 25 de janeiro e tem 60 dias para ser conclu\u00eddo. A investiga\u00e7\u00e3o mira como o Minist\u00e9rio da Sa\u00fade lidou com a falta de oxig\u00eanio hospitalar para atender pacientes internados com covid-19 na capital amazonense.<\/p>\n<p>Com estoques de cilindros zerados em algumas unidades de sa\u00fade, pessoas morreram por asfixia e outras precisaram ser transferidas para receber atendimento m\u00e9dico em outros Estados.<\/p>\n<p>A abertura de inqu\u00e9rito foi solicitada pelo procurador-geral da Rep\u00fablica Augusto Aras como uma resposta \u00e0 representa\u00e7\u00e3o feita por partidos pol\u00edticos que acionaram a PGR sob a alega\u00e7\u00e3o de que Pazuello e seus auxiliares t\u00eam adotado uma &#8216;conduta omissiva&#8217; em rela\u00e7\u00e3o ao colapso em Manaus.<\/p>\n<p>Na ocasi\u00e3o, Aras considerou &#8216;poss\u00edvel intempestividade&#8217; nas a\u00e7\u00f5es de Pazuello, indicando que o ministro da Sa\u00fade pode ter demorado a reagir \u00e0 crise em Manaus. O pr\u00f3prio governo j\u00e1 admitiu ao STF que a pasta sabia desde 8 de janeiro que havia escassez de oxig\u00eanio para os pacientes em Manaus, uma semana antes do colapso. O Minist\u00e9rio da Sa\u00fade, no entanto, iniciou a entrega de oxig\u00eanio apenas em 12 de janeiro.<\/p>\n<p>Aras mencionou ainda que a pasta informou ter distribu\u00eddo 120 mil unidades de hidroxicloroquina para tratamento da covid-19 no dia 14 de janeiro, \u00e0s v\u00e9speras do colapso. O medicamento n\u00e3o tem efic\u00e1cia comprovada contra a doen\u00e7a. Ap\u00f3s o estouro da crise e declara\u00e7\u00e3o da pr\u00f3pria Ag\u00eancia Nacional de Vigil\u00e2ncia Sanit\u00e1ria (Anvisa) sobre a inexist\u00eancia de tratamento comprovado contra a covid-19, Pazuello passou a negar que tenha recomendado a cloroquina para combater a doen\u00e7a.<\/p>\n<p>Pazuello \u00e9 o \u00fanico que prestou depoimento \u00e0 Pol\u00edcia Federal at\u00e9 o momento no inqu\u00e9rito e tem negado omiss\u00e3o do Minist\u00e9rio da Sa\u00fade no caso. O general j\u00e1 disse que &#8216;fez tudo&#8217; para evitar a crise e que cabe ao Minist\u00e9rio da Sa\u00fade apenas apoiar as a\u00e7\u00f5es de prefeitos e governadores.<\/p>\n<p>AS DILIG\u00caNCIAS AUTORIZADAS POR LEWANDOWSKI:<\/p>\n<p>1. Requisi\u00e7\u00e3o, junto ao Minist\u00e9rio da Sa\u00fade e \u00e0 Secretaria de Sa\u00fade do Amazonas e de Manaus, dos e-mails institucionais trocados entre os \u00f3rg\u00e3os relativos ao combate \u00e0 pandemia;<\/p>\n<p>2. Oitiva dos representantes da empresa White Martins sobre os fatos investigados<\/p>\n<p>3. Obten\u00e7\u00e3o de informa\u00e7\u00f5es sobre as tratativas de transporte de oxig\u00eanio para Manaus e de remo\u00e7\u00e3o de pacientes<\/p>\n<p>de Manaus para os hospitais universit\u00e1rios federais administrados pela EBSERH;<\/p>\n<p>4. Identifica\u00e7\u00e3o e oitiva dos desenvolvedores do aplicativo &#8216;TrateCOV&#8217;;<\/p>\n<p>5. Identifica\u00e7\u00e3o de gastos de aquisi\u00e7\u00e3o e distribui\u00e7\u00e3o dos medicamentos cloroquina e hidroxicloroquina e dos testes do tipo RT-PCR;<\/p>\n<p>6. Oitiva dos funcion\u00e1rios do Minist\u00e9rio da Sa\u00fade e das Secretarias de Sa\u00fade do Amazonas e de Manaus que participaram de reuni\u00f5es e visitas, em especial daqueles eventualmente exonerados&#8221;.<\/p>\n","protected":false},"excerpt":{"rendered":"<p>O ministro\u00a0Ricardo Lewandowski, do\u00a0Supremo Tribunal Federal, autorizou nesta segunda, 15, novas dilig\u00eancias no inqu\u00e9rito que&#8230;<\/p>\n","protected":false},"author":11,"featured_media":0,"comment_status":"closed","ping_status":"closed","sticky":false,"template":"","format":"standard","meta":{"footnotes":""},"categories":[19],"tags":[],"class_list":["post-11712366","post","type-post","status-publish","format-standard","hentry","category-politica"],"_links":{"self":[{"href":"https:\/\/www.corumbaonline.com.br\/news\/wp-json\/wp\/v2\/posts\/11712366","targetHints":{"allow":["GET"]}}],"collection":[{"href":"https:\/\/www.corumbaonline.com.br\/news\/wp-json\/wp\/v2\/posts"}],"about":[{"href":"https:\/\/www.corumbaonline.com.br\/news\/wp-json\/wp\/v2\/types\/post"}],"author":[{"embeddable":true,"href":"https:\/\/www.corumbaonline.com.br\/news\/wp-json\/wp\/v2\/users\/11"}],"replies":[{"embeddable":true,"href":"https:\/\/www.corumbaonline.com.br\/news\/wp-json\/wp\/v2\/comments?post=11712366"}],"version-history":[{"count":1,"href":"https:\/\/www.corumbaonline.com.br\/news\/wp-json\/wp\/v2\/posts\/11712366\/revisions"}],"predecessor-version":[{"id":11712367,"href":"https:\/\/www.corumbaonline.com.br\/news\/wp-json\/wp\/v2\/posts\/11712366\/revisions\/11712367"}],"wp:attachment":[{"href":"https:\/\/www.corumbaonline.com.br\/news\/wp-json\/wp\/v2\/media?parent=11712366"}],"wp:term":[{"taxonomy":"category","embeddable":true,"href":"https:\/\/www.corumbaonline.com.br\/news\/wp-json\/wp\/v2\/categories?post=11712366"},{"taxonomy":"post_tag","embeddable":true,"href":"https:\/\/www.corumbaonline.com.br\/news\/wp-json\/wp\/v2\/tags?post=11712366"}],"curies":[{"name":"wp","href":"https:\/\/api.w.org\/{rel}","templated":true}]}}