{"id":11712374,"date":"2021-02-16T09:37:00","date_gmt":"2021-02-16T13:37:00","guid":{"rendered":"http:\/\/www.corumbaonline.com.br\/news\/?p=11712374"},"modified":"2021-02-16T10:51:57","modified_gmt":"2021-02-16T14:51:57","slug":"facanha-prega-participacao-ativa-de-todos-para-o-desenvolvimento-de-corumba","status":"publish","type":"post","link":"https:\/\/www.corumbaonline.com.br\/news\/facanha-prega-participacao-ativa-de-todos-para-o-desenvolvimento-de-corumba\/","title":{"rendered":"Fa\u00e7anha prega participa\u00e7\u00e3o ativa de todos para o desenvolvimento de Corumb\u00e1"},"content":{"rendered":"<p>O presidente da C\u00e2mara Municipal de Corumb\u00e1, vereador Roberto Gomes Fa\u00e7anha, pregou a participa\u00e7\u00e3o da popula\u00e7\u00e3o corumbaense, de forma mais ativa, nas a\u00e7\u00f5es e projetos voltados para o desenvolvimento da regi\u00e3o. A declara\u00e7\u00e3o foi feita ontem, segunda-feira (15) durante sess\u00e3o solene da C\u00e2mara que marcou a abertura do Ano Legislativo na maior cidade pantaneira.<\/p>\n<p>Em seu discurso, o presidente citou a elei\u00e7\u00e3o de novembro, afirmando que \u201cos corumbaenses decidiram confiar o nosso destino comum a uma equipe que os representa, e a um projeto que satisfaz os seus leg\u00edtimos desejos, necessidades e expectativas da popula\u00e7\u00e3o que culminou com a elei\u00e7\u00e3o do prefeito Marcelo Iunes e de todos n\u00f3s 15 vereadores\u201d.<\/p>\n<p>No entanto, fez uma ressalva, afirmando que a inten\u00e7\u00e3o de todos na Casa de Leis, \u00e9 fazer mais do que \u201caquilo que nos comprometemos com os corumbaenses. Queremos exceder as expectativas dos cidad\u00e3os, das fam\u00edlias e das organiza\u00e7\u00f5es da sociedade civil. Queremos uma nova atitude no relacionamento entre os cidad\u00e3os e seus representantes pol\u00edticos, queremos a participa\u00e7\u00e3o ativa de todos os corumbaenses que desejam contribuir para o desenvolvimento, gera\u00e7\u00e3o de emprego e renda, e melhor qualidade de vida para todos\u201d.<\/p>\n<p>Observou que a C\u00e2mara sempre esteve aberta aos mais diferentes segmentos da sociedade civil. Citou que, devido \u00e0 pandemia da Covid-19, as sess\u00f5es foram restritas em 2020, mas que acredita no restabelecimento da normalidade e o Plen\u00e1rio \u201cDr. L\u00e9o de Medeiros Guimar\u00e3es\u201d, voltar a receber a popula\u00e7\u00e3o, solicitando, sugerindo, enfim, contribuindo para o desenvolvimento do Munic\u00edpio.<\/p>\n<p>\u201cQuem tem que brilhar n\u00e3o s\u00e3o as pessoas, mas suas ideias. Quem ocupa o melhor espa\u00e7o n\u00e3o s\u00e3o os nomes, mas a compet\u00eancia das suas atitudes\u201d, continuou destacando que a C\u00e2mara&nbsp; vai cumprir o \u201cseu papel na sociedade, com uma atua\u00e7\u00e3o de forma independente, cristalina, representada pelas ideias e atitudes de cada um de n\u00f3s, vereadores e vereadora\u201d.<\/p>\n<p>Refor\u00e7ou que \u00e9 preciso atuar de forma independente, mas em harmonia com os demais poderes: Executivo e Judici\u00e1rio, e que a \u201csociedade espera, e temos a obriga\u00e7\u00e3o de fazer com que a C\u00e2mara seja de fato, um espa\u00e7o do povo, seja o seu pulsar de ideias, seja uma caixa de resson\u00e2ncia da vontade popular\u201d.<\/p>\n<p>Roberto Fa\u00e7anha aproveitou o momento para, mais uma vez, se solidarizar com todas as fam\u00edlias eu perderam entes queridos durante a pandemia da Covid, e fez um pedido para que \u201cas autoridades da \u00e1rea da sa\u00fade possam de forma r\u00e1pida, cumprir os cronogramas de vacina\u00e7\u00e3o dos grupos de riscos, com a finalidade de reduzir o cont\u00e1gio e, principalmente, os \u00f3bitos causados pelo coronav\u00edrus. Que consigamos imunizar em um curto per\u00edodo, a maior parte da nossa popula\u00e7\u00e3o brasileira\u201d, concluiu.<\/p>\n<p>A sess\u00e3o contou com as presen\u00e7as dos 15 vereadores eleitos em novembro passado; do prefeito municipal Marcelo Iunes, e da deputada federal Bia Cavassa. O deputado estadual Evander Vendramini, devido a agenda assumida anteriormente, fora do Munic\u00edpio, n\u00e3o pode estar presente.<\/p>\n<p>Al\u00e9m de Fa\u00e7anha, participaram tamb\u00e9m os vereadores Manoel Rodrigues (Republicanos), primeiro vice-presidente; Yussef Salla (PDT), segundo vice-presidente; Elio Moreira \u2013 o Elinho Verde Frutti (PTB), primeiro secret\u00e1rio; Samyr Sadeq Ramunieh (PTB), segundo secret\u00e1rio; Ubiratan Canhete de Campos Filho \u2013 Bira (PSDB); Chic\u00e3o Vianna (PSD); Raquel Bryk (PP); Alexandre Vasconcellos (PSDB); Luciano Costa (PSDB); Allex Della (Republicanos); Ga\u00facho da Pr\u00f3-Art (PP); Genilson Jos\u00e9 (PODE); Daniel Brambilla (PSL), e Nelsinho Dib (MDB).<\/p>\n","protected":false},"excerpt":{"rendered":"<p>O presidente da C\u00e2mara Municipal de Corumb\u00e1, vereador Roberto Gomes Fa\u00e7anha, pregou a participa\u00e7\u00e3o da&#8230;<\/p>\n","protected":false},"author":6,"featured_media":11712386,"comment_status":"closed","ping_status":"closed","sticky":false,"template":"","format":"standard","meta":{"footnotes":""},"categories":[8,19],"tags":[],"class_list":["post-11712374","post","type-post","status-publish","format-standard","has-post-thumbnail","hentry","category-destaque","category-politica"],"_links":{"self":[{"href":"https:\/\/www.corumbaonline.com.br\/news\/wp-json\/wp\/v2\/posts\/11712374","targetHints":{"allow":["GET"]}}],"collection":[{"href":"https:\/\/www.corumbaonline.com.br\/news\/wp-json\/wp\/v2\/posts"}],"about":[{"href":"https:\/\/www.corumbaonline.com.br\/news\/wp-json\/wp\/v2\/types\/post"}],"author":[{"embeddable":true,"href":"https:\/\/www.corumbaonline.com.br\/news\/wp-json\/wp\/v2\/users\/6"}],"replies":[{"embeddable":true,"href":"https:\/\/www.corumbaonline.com.br\/news\/wp-json\/wp\/v2\/comments?post=11712374"}],"version-history":[{"count":2,"href":"https:\/\/www.corumbaonline.com.br\/news\/wp-json\/wp\/v2\/posts\/11712374\/revisions"}],"predecessor-version":[{"id":11712387,"href":"https:\/\/www.corumbaonline.com.br\/news\/wp-json\/wp\/v2\/posts\/11712374\/revisions\/11712387"}],"wp:featuredmedia":[{"embeddable":true,"href":"https:\/\/www.corumbaonline.com.br\/news\/wp-json\/wp\/v2\/media\/11712386"}],"wp:attachment":[{"href":"https:\/\/www.corumbaonline.com.br\/news\/wp-json\/wp\/v2\/media?parent=11712374"}],"wp:term":[{"taxonomy":"category","embeddable":true,"href":"https:\/\/www.corumbaonline.com.br\/news\/wp-json\/wp\/v2\/categories?post=11712374"},{"taxonomy":"post_tag","embeddable":true,"href":"https:\/\/www.corumbaonline.com.br\/news\/wp-json\/wp\/v2\/tags?post=11712374"}],"curies":[{"name":"wp","href":"https:\/\/api.w.org\/{rel}","templated":true}]}}