{"id":11712381,"date":"2021-02-16T10:28:00","date_gmt":"2021-02-16T14:28:00","guid":{"rendered":"http:\/\/www.corumbaonline.com.br\/news\/?p=11712381"},"modified":"2021-02-16T10:49:35","modified_gmt":"2021-02-16T14:49:35","slug":"prefeito-participa-de-abertura-do-ano-legislativo-na-camara-municipal","status":"publish","type":"post","link":"https:\/\/www.corumbaonline.com.br\/news\/prefeito-participa-de-abertura-do-ano-legislativo-na-camara-municipal\/","title":{"rendered":"Prefeito participa de abertura do ano legislativo na C\u00e2mara Municipal"},"content":{"rendered":"<p>O prefeito Marcelo Iunes acompanhou a abertura do ano legislativo da C\u00e2mara Municipal de Corumb\u00e1 no final da tarde desta segunda-feira, 15 de fevereiro, e destacou a atua\u00e7\u00e3o harm\u00f4nica e independente dos poderes como fundamental para garantir a\u00e7\u00f5es efetivas que levem \u00e0 melhoria da qualidade de vida da popula\u00e7\u00e3o.<\/p>\n<p>\u201cQuero contar sim com voc\u00eas, como contamos no primeiro mandato. A C\u00e2mara Municipal de Corumb\u00e1 e a Prefeitura Municipal de Corumb\u00e1 s\u00e3o dois poderes independentes, mas harmonicamente trabalhando juntos. E quem ganha com isso \u00e9 a popula\u00e7\u00e3o corumbaense. Vamos continuar trabalhando nesse mesmo ritmo. O importante \u00e9 que o b\u00f4nus seja para a popula\u00e7\u00e3o corumbaense e que o \u00f4nus fique para os Poderes\u201d, afirmou o chefe do Executivo corumbaense durante discurso na sess\u00e3o solene que abriu os trabalhos da 61\u00aa legislatura.<\/p>\n<p>Com o trabalho harm\u00f4nico do Executivo e Legislativo Municipal, desenvolvido ao longo de toda sua primeira gest\u00e3o, \u201cquem ganhou foi a popula\u00e7\u00e3o mais carente, que era esquecida dos administradores passados\u201d, destacou o prefeito. \u201cForam 200 novas quadras com asfalto, mais de 300 quadras requalificadas. (\u2026) O hospital n\u00e3o est\u00e1 fechado porque a Prefeitura fez aportes al\u00e9m dos valores contratualizados. Somente este ano, em 45 dias, encaminhamos R$ 1,7 milh\u00e3o para o hospital saldar suas obriga\u00e7\u00f5es\u201d, frisou o prefeito.<\/p>\n<p>Ainda em seu discurso no plen\u00e1rio \u201cDr. L\u00e9o de Medeiros Guimar\u00e3es\u201d, Marcelo Iunes pontuou que al\u00e9m do trabalho harm\u00f4nico com a C\u00e2mara Municipal, sua administra\u00e7\u00e3o vai dar sequ\u00eancia ao produtivo alinhamento com senadores e deputados federais sul-mato-grossenses. \u201cQueremos contar com a bancada federal sim, Corumb\u00e1 precisa muito desse apoio. Quero contar coma deputada Bia Cavassa, que encaminhou R$ 900 mil; com o deputado Beto Pereira, que mandou R$ 2 milh\u00f5es para Corumb\u00e1; com a deputada Rose Modesto, que mandou R$ 1,5 milh\u00e3o para Corumb\u00e1; com a senadora Soraya, que mandou 1,7 milh\u00e3o, com a Simone Tebet que mandou R$ 1,8 milh\u00e3o, com o deputado Trutis que mandou 500 mil reais; com o senador Nelsinho Trad, que abriu as portas do Senado para Corumb\u00e1\u201d, afirmou o prefeito ao agradecer as emendas destinadas pelos parlamentares da bancada federal ao Munic\u00edpio.<\/p>\n<p>Iunes tamb\u00e9m destacou a atua\u00e7\u00e3o sempre proativa do deputado estadual Evander Vendramini na defesa do desenvolvimento de Corumb\u00e1 e da melhoria da qualidade de vida da popula\u00e7\u00e3o e desejou sucesso no exerc\u00edcio do mandato aos 15 vereadores desta legislatura.<\/p>\n<p>O presidente da C\u00e2mara Municipal de Corumb\u00e1, vereador Roberto Gomes Fa\u00e7anha,\u00a0 disse que \u00e9 preciso atuar de forma independente, mas em harmonia com os demais poderes: Executivo e Judici\u00e1rio, e que a \u201csociedade espera, e temos a obriga\u00e7\u00e3o de fazer com que a C\u00e2mara seja de fato, um espa\u00e7o do povo, seja o seu pulsar de ideias, seja uma caixa de resson\u00e2ncia da vontade popular\u201d.<\/p>\n<p>A sess\u00e3o contou com as presen\u00e7as dos 15 vereadores eleitos em novembro passado e da deputada federal Bia Cavassa. O deputado estadual Evander Vendramini, devido agenda assumida anteriormente, fora do Munic\u00edpio, n\u00e3o pode estar presente.<\/p>\n<p>Al\u00e9m de Fa\u00e7anha, participaram tamb\u00e9m os vereadores Manoel Rodrigues (Republicanos), primeiro vice-presidente; Yussef Salla (PDT), segundo vice-presidente; Elio Moreira \u2013 o Elinho Verde Frutti (PTB), primeiro secret\u00e1rio; Samyr Sadeq Ramunieh (PTB), segundo secret\u00e1rio; Ubiratan Canhete de Campos Filho \u2013 Bira (PSDB); Chic\u00e3o Vianna (PSD); Raquel Bryk (PP); Alexandre Vasconcellos (PSDB); Luciano Costa (PSDB); Allex Della (Republicanos); Ga\u00facho da Pr\u00f3-Art (PP); Genilson Jos\u00e9 (PODE); Daniel Brambilla (PSL), e Nelsinho Dib (MDB).<\/p>\n<div id=\"gallery-1\" class=\"gallery galleryid-109777 gallery-columns-3 gallery-size-large\">\n<figure class=\"gallery-item\">\n<div class=\"gallery-icon landscape\"><a role=\"link\" href=\"https:\/\/www.corumba.ms.gov.br\/2021\/02\/prefeito-participa-de-abertura-do-ano-legislativo-na-camara-municipal\/prefeito-participa-de-abertura-do-ano-legislativo-na-camara-municipal-1\/\"><img loading=\"lazy\" decoding=\"async\" class=\"attachment-large size-large\" src=\"https:\/\/www.corumba.ms.gov.br\/wp-content\/uploads\/2021\/02\/Prefeito-participa-de-abertura-do-ano-legislativo-na-Camara-Municipal-1-1024x683.jpeg\" sizes=\"auto, (max-width: 1024px) 100vw, 1024px\" srcset=\"https:\/\/www.corumba.ms.gov.br\/wp-content\/uploads\/2021\/02\/Prefeito-participa-de-abertura-do-ano-legislativo-na-Camara-Municipal-1-1024x683.jpeg 1024w, https:\/\/www.corumba.ms.gov.br\/wp-content\/uploads\/2021\/02\/Prefeito-participa-de-abertura-do-ano-legislativo-na-Camara-Municipal-1-300x200.jpeg 300w, https:\/\/www.corumba.ms.gov.br\/wp-content\/uploads\/2021\/02\/Prefeito-participa-de-abertura-do-ano-legislativo-na-Camara-Municipal-1-768x512.jpeg 768w, https:\/\/www.corumba.ms.gov.br\/wp-content\/uploads\/2021\/02\/Prefeito-participa-de-abertura-do-ano-legislativo-na-Camara-Municipal-1.jpeg 1200w\" alt=\"\" width=\"1024\" height=\"683\" aria-describedby=\"gallery-1-109779\" \/><\/a><\/div><figcaption id=\"gallery-1-109779\" class=\"wp-caption-text gallery-caption\">Abertura da 61\u00aa legislatura da C\u00e2mara Municipal aconteceu na segunda-feira, dia 15 (Foto: Ren\u00ea Marcio Carneiro\/PMC)<\/figcaption><\/figure>\n<figure class=\"gallery-item\">\n<div class=\"gallery-icon landscape\"><a role=\"link\" href=\"https:\/\/www.corumba.ms.gov.br\/2021\/02\/prefeito-participa-de-abertura-do-ano-legislativo-na-camara-municipal\/prefeito-participa-de-abertura-do-ano-legislativo-na-camara-municipal-2\/\"><img loading=\"lazy\" decoding=\"async\" class=\"attachment-large size-large\" src=\"https:\/\/www.corumba.ms.gov.br\/wp-content\/uploads\/2021\/02\/Prefeito-participa-de-abertura-do-ano-legislativo-na-Camara-Municipal-2-1024x683.jpeg\" sizes=\"auto, (max-width: 1024px) 100vw, 1024px\" srcset=\"https:\/\/www.corumba.ms.gov.br\/wp-content\/uploads\/2021\/02\/Prefeito-participa-de-abertura-do-ano-legislativo-na-Camara-Municipal-2-1024x683.jpeg 1024w, https:\/\/www.corumba.ms.gov.br\/wp-content\/uploads\/2021\/02\/Prefeito-participa-de-abertura-do-ano-legislativo-na-Camara-Municipal-2-300x200.jpeg 300w, https:\/\/www.corumba.ms.gov.br\/wp-content\/uploads\/2021\/02\/Prefeito-participa-de-abertura-do-ano-legislativo-na-Camara-Municipal-2-768x512.jpeg 768w, https:\/\/www.corumba.ms.gov.br\/wp-content\/uploads\/2021\/02\/Prefeito-participa-de-abertura-do-ano-legislativo-na-Camara-Municipal-2.jpeg 1200w\" alt=\"\" width=\"1024\" height=\"683\" aria-describedby=\"gallery-1-109780\" \/><\/a><\/div><figcaption id=\"gallery-1-109780\" class=\"wp-caption-text gallery-caption\">Abertura da 61\u00aa legislatura da C\u00e2mara Municipal aconteceu na segunda-feira, dia 15 (Foto: Ren\u00ea Marcio Carneiro\/PMC)<\/figcaption><\/figure>\n<figure class=\"gallery-item\">\n<div class=\"gallery-icon landscape\"><a role=\"link\" href=\"https:\/\/www.corumba.ms.gov.br\/2021\/02\/prefeito-participa-de-abertura-do-ano-legislativo-na-camara-municipal\/prefeito-participa-de-abertura-do-ano-legislativo-na-camara-municipal-4\/\"><img loading=\"lazy\" decoding=\"async\" class=\"attachment-large size-large\" src=\"https:\/\/www.corumba.ms.gov.br\/wp-content\/uploads\/2021\/02\/Prefeito-participa-de-abertura-do-ano-legislativo-na-Camara-Municipal-4-1024x683.jpeg\" sizes=\"auto, (max-width: 1024px) 100vw, 1024px\" srcset=\"https:\/\/www.corumba.ms.gov.br\/wp-content\/uploads\/2021\/02\/Prefeito-participa-de-abertura-do-ano-legislativo-na-Camara-Municipal-4-1024x683.jpeg 1024w, https:\/\/www.corumba.ms.gov.br\/wp-content\/uploads\/2021\/02\/Prefeito-participa-de-abertura-do-ano-legislativo-na-Camara-Municipal-4-300x200.jpeg 300w, https:\/\/www.corumba.ms.gov.br\/wp-content\/uploads\/2021\/02\/Prefeito-participa-de-abertura-do-ano-legislativo-na-Camara-Municipal-4-768x512.jpeg 768w, https:\/\/www.corumba.ms.gov.br\/wp-content\/uploads\/2021\/02\/Prefeito-participa-de-abertura-do-ano-legislativo-na-Camara-Municipal-4.jpeg 1200w\" alt=\"\" width=\"1024\" height=\"683\" aria-describedby=\"gallery-1-109782\" \/><\/a><\/div><figcaption id=\"gallery-1-109782\" class=\"wp-caption-text gallery-caption\">Abertura da 61\u00aa legislatura da C\u00e2mara Municipal aconteceu na segunda-feira, dia 15 (Foto: Ren\u00ea Marcio Carneiro\/PMC)<\/figcaption><\/figure>\n<figure class=\"gallery-item\">\n<div class=\"gallery-icon landscape\"><a role=\"link\" href=\"https:\/\/www.corumba.ms.gov.br\/2021\/02\/prefeito-participa-de-abertura-do-ano-legislativo-na-camara-municipal\/prefeito-participa-de-abertura-do-ano-legislativo-na-camara-municipal-5\/\"><img loading=\"lazy\" decoding=\"async\" class=\"attachment-large size-large\" src=\"https:\/\/www.corumba.ms.gov.br\/wp-content\/uploads\/2021\/02\/Prefeito-participa-de-abertura-do-ano-legislativo-na-Camara-Municipal-5-1024x683.jpeg\" sizes=\"auto, (max-width: 1024px) 100vw, 1024px\" srcset=\"https:\/\/www.corumba.ms.gov.br\/wp-content\/uploads\/2021\/02\/Prefeito-participa-de-abertura-do-ano-legislativo-na-Camara-Municipal-5-1024x683.jpeg 1024w, https:\/\/www.corumba.ms.gov.br\/wp-content\/uploads\/2021\/02\/Prefeito-participa-de-abertura-do-ano-legislativo-na-Camara-Municipal-5-300x200.jpeg 300w, https:\/\/www.corumba.ms.gov.br\/wp-content\/uploads\/2021\/02\/Prefeito-participa-de-abertura-do-ano-legislativo-na-Camara-Municipal-5-768x512.jpeg 768w, https:\/\/www.corumba.ms.gov.br\/wp-content\/uploads\/2021\/02\/Prefeito-participa-de-abertura-do-ano-legislativo-na-Camara-Municipal-5.jpeg 1200w\" alt=\"\" width=\"1024\" height=\"683\" aria-describedby=\"gallery-1-109783\" \/><\/a><\/div><figcaption id=\"gallery-1-109783\" class=\"wp-caption-text gallery-caption\">Abertura da 61\u00aa legislatura da C\u00e2mara Municipal aconteceu na segunda-feira, dia 15 (Foto: Ren\u00ea Marcio Carneiro\/PMC)<\/figcaption><\/figure>\n<figure class=\"gallery-item\">\n<div class=\"gallery-icon landscape\"><a role=\"link\" href=\"https:\/\/www.corumba.ms.gov.br\/2021\/02\/prefeito-participa-de-abertura-do-ano-legislativo-na-camara-municipal\/prefeito-participa-de-abertura-do-ano-legislativo-na-camara-municipal-6\/\"><img loading=\"lazy\" decoding=\"async\" class=\"attachment-large size-large\" src=\"https:\/\/www.corumba.ms.gov.br\/wp-content\/uploads\/2021\/02\/Prefeito-participa-de-abertura-do-ano-legislativo-na-Camara-Municipal-6-1024x683.jpeg\" sizes=\"auto, (max-width: 1024px) 100vw, 1024px\" srcset=\"https:\/\/www.corumba.ms.gov.br\/wp-content\/uploads\/2021\/02\/Prefeito-participa-de-abertura-do-ano-legislativo-na-Camara-Municipal-6-1024x683.jpeg 1024w, https:\/\/www.corumba.ms.gov.br\/wp-content\/uploads\/2021\/02\/Prefeito-participa-de-abertura-do-ano-legislativo-na-Camara-Municipal-6-300x200.jpeg 300w, https:\/\/www.corumba.ms.gov.br\/wp-content\/uploads\/2021\/02\/Prefeito-participa-de-abertura-do-ano-legislativo-na-Camara-Municipal-6-768x512.jpeg 768w, https:\/\/www.corumba.ms.gov.br\/wp-content\/uploads\/2021\/02\/Prefeito-participa-de-abertura-do-ano-legislativo-na-Camara-Municipal-6.jpeg 1200w\" alt=\"\" width=\"1024\" height=\"683\" aria-describedby=\"gallery-1-109784\" \/><\/a><\/div><figcaption id=\"gallery-1-109784\" class=\"wp-caption-text gallery-caption\">Abertura da 61\u00aa legislatura da C\u00e2mara Municipal aconteceu na segunda-feira, dia 15 (Foto: Ren\u00ea Marcio Carneiro\/PMC)<\/figcaption><\/figure>\n<figure class=\"gallery-item\">\n<div class=\"gallery-icon landscape\"><a role=\"link\" href=\"https:\/\/www.corumba.ms.gov.br\/2021\/02\/prefeito-participa-de-abertura-do-ano-legislativo-na-camara-municipal\/prefeito-participa-de-abertura-do-ano-legislativo-na-camara-municipal-7\/\"><img loading=\"lazy\" decoding=\"async\" class=\"attachment-large size-large\" src=\"https:\/\/www.corumba.ms.gov.br\/wp-content\/uploads\/2021\/02\/Prefeito-participa-de-abertura-do-ano-legislativo-na-Camara-Municipal-7-1024x683.jpeg\" sizes=\"auto, (max-width: 1024px) 100vw, 1024px\" srcset=\"https:\/\/www.corumba.ms.gov.br\/wp-content\/uploads\/2021\/02\/Prefeito-participa-de-abertura-do-ano-legislativo-na-Camara-Municipal-7-1024x683.jpeg 1024w, https:\/\/www.corumba.ms.gov.br\/wp-content\/uploads\/2021\/02\/Prefeito-participa-de-abertura-do-ano-legislativo-na-Camara-Municipal-7-300x200.jpeg 300w, https:\/\/www.corumba.ms.gov.br\/wp-content\/uploads\/2021\/02\/Prefeito-participa-de-abertura-do-ano-legislativo-na-Camara-Municipal-7-768x512.jpeg 768w, https:\/\/www.corumba.ms.gov.br\/wp-content\/uploads\/2021\/02\/Prefeito-participa-de-abertura-do-ano-legislativo-na-Camara-Municipal-7.jpeg 1200w\" alt=\"\" width=\"1024\" height=\"683\" aria-describedby=\"gallery-1-109785\" \/><\/a><\/div><figcaption id=\"gallery-1-109785\" class=\"wp-caption-text gallery-caption\">Abertura da 61\u00aa legislatura da C\u00e2mara Municipal aconteceu na segunda-feira, dia 15 (Foto: Ren\u00ea Marcio Carneiro\/PMC)<\/figcaption><\/figure>\n<figure class=\"gallery-item\">\n<div class=\"gallery-icon landscape\"><a role=\"link\" href=\"https:\/\/www.corumba.ms.gov.br\/2021\/02\/prefeito-participa-de-abertura-do-ano-legislativo-na-camara-municipal\/prefeito-participa-de-abertura-do-ano-legislativo-na-camara-municipal-3-2\/\"><img loading=\"lazy\" decoding=\"async\" class=\"attachment-large size-large\" src=\"https:\/\/www.corumba.ms.gov.br\/wp-content\/uploads\/2021\/02\/Prefeito-participa-de-abertura-do-ano-legislativo-na-Camara-Municipal-3-1-1024x683.jpeg\" sizes=\"auto, (max-width: 1024px) 100vw, 1024px\" srcset=\"https:\/\/www.corumba.ms.gov.br\/wp-content\/uploads\/2021\/02\/Prefeito-participa-de-abertura-do-ano-legislativo-na-Camara-Municipal-3-1-1024x683.jpeg 1024w, https:\/\/www.corumba.ms.gov.br\/wp-content\/uploads\/2021\/02\/Prefeito-participa-de-abertura-do-ano-legislativo-na-Camara-Municipal-3-1-300x200.jpeg 300w, https:\/\/www.corumba.ms.gov.br\/wp-content\/uploads\/2021\/02\/Prefeito-participa-de-abertura-do-ano-legislativo-na-Camara-Municipal-3-1-768x512.jpeg 768w, https:\/\/www.corumba.ms.gov.br\/wp-content\/uploads\/2021\/02\/Prefeito-participa-de-abertura-do-ano-legislativo-na-Camara-Municipal-3-1.jpeg 1200w\" alt=\"\" width=\"1024\" height=\"683\" aria-describedby=\"gallery-1-109781\" \/><\/a><\/div><figcaption id=\"gallery-1-109781\" class=\"wp-caption-text gallery-caption\">Abertura da 61\u00aa legislatura da C\u00e2mara Municipal aconteceu na segunda-feira, dia 15 (Foto: Ren\u00ea Marcio Carneiro\/PMC)<\/figcaption><\/figure>\n<figure class=\"gallery-item\">\n<div class=\"gallery-icon landscape\"><a role=\"link\" href=\"https:\/\/www.corumba.ms.gov.br\/2021\/02\/prefeito-participa-de-abertura-do-ano-legislativo-na-camara-municipal\/prefeito-participa-de-abertura-do-ano-legislativo-na-camara-municipal-8\/\"><img loading=\"lazy\" decoding=\"async\" class=\"attachment-large size-large\" src=\"https:\/\/www.corumba.ms.gov.br\/wp-content\/uploads\/2021\/02\/Prefeito-participa-de-abertura-do-ano-legislativo-na-Camara-Municipal-8-1024x706.jpeg\" sizes=\"auto, (max-width: 1024px) 100vw, 1024px\" srcset=\"https:\/\/www.corumba.ms.gov.br\/wp-content\/uploads\/2021\/02\/Prefeito-participa-de-abertura-do-ano-legislativo-na-Camara-Municipal-8-1024x706.jpeg 1024w, https:\/\/www.corumba.ms.gov.br\/wp-content\/uploads\/2021\/02\/Prefeito-participa-de-abertura-do-ano-legislativo-na-Camara-Municipal-8-300x207.jpeg 300w, https:\/\/www.corumba.ms.gov.br\/wp-content\/uploads\/2021\/02\/Prefeito-participa-de-abertura-do-ano-legislativo-na-Camara-Municipal-8-768x529.jpeg 768w, https:\/\/www.corumba.ms.gov.br\/wp-content\/uploads\/2021\/02\/Prefeito-participa-de-abertura-do-ano-legislativo-na-Camara-Municipal-8.jpeg 1200w\" alt=\"\" width=\"1024\" height=\"706\" aria-describedby=\"gallery-1-109786\" \/><\/a><\/div><figcaption id=\"gallery-1-109786\" class=\"wp-caption-text gallery-caption\">Abertura da 61\u00aa legislatura da C\u00e2mara Municipal aconteceu na segunda-feira, dia 15 (Foto: Ren\u00ea Marcio Carneiro\/PMC)<\/figcaption><\/figure>\n<\/div>\n","protected":false},"excerpt":{"rendered":"<p>O prefeito Marcelo Iunes acompanhou a abertura do ano legislativo da C\u00e2mara Municipal de Corumb\u00e1&#8230;<\/p>\n","protected":false},"author":70,"featured_media":11712382,"comment_status":"closed","ping_status":"closed","sticky":false,"template":"","format":"standard","meta":{"footnotes":""},"categories":[19],"tags":[],"class_list":["post-11712381","post","type-post","status-publish","format-standard","has-post-thumbnail","hentry","category-politica"],"_links":{"self":[{"href":"https:\/\/www.corumbaonline.com.br\/news\/wp-json\/wp\/v2\/posts\/11712381","targetHints":{"allow":["GET"]}}],"collection":[{"href":"https:\/\/www.corumbaonline.com.br\/news\/wp-json\/wp\/v2\/posts"}],"about":[{"href":"https:\/\/www.corumbaonline.com.br\/news\/wp-json\/wp\/v2\/types\/post"}],"author":[{"embeddable":true,"href":"https:\/\/www.corumbaonline.com.br\/news\/wp-json\/wp\/v2\/users\/70"}],"replies":[{"embeddable":true,"href":"https:\/\/www.corumbaonline.com.br\/news\/wp-json\/wp\/v2\/comments?post=11712381"}],"version-history":[{"count":1,"href":"https:\/\/www.corumbaonline.com.br\/news\/wp-json\/wp\/v2\/posts\/11712381\/revisions"}],"predecessor-version":[{"id":11712383,"href":"https:\/\/www.corumbaonline.com.br\/news\/wp-json\/wp\/v2\/posts\/11712381\/revisions\/11712383"}],"wp:featuredmedia":[{"embeddable":true,"href":"https:\/\/www.corumbaonline.com.br\/news\/wp-json\/wp\/v2\/media\/11712382"}],"wp:attachment":[{"href":"https:\/\/www.corumbaonline.com.br\/news\/wp-json\/wp\/v2\/media?parent=11712381"}],"wp:term":[{"taxonomy":"category","embeddable":true,"href":"https:\/\/www.corumbaonline.com.br\/news\/wp-json\/wp\/v2\/categories?post=11712381"},{"taxonomy":"post_tag","embeddable":true,"href":"https:\/\/www.corumbaonline.com.br\/news\/wp-json\/wp\/v2\/tags?post=11712381"}],"curies":[{"name":"wp","href":"https:\/\/api.w.org\/{rel}","templated":true}]}}