{"id":11712392,"date":"2021-02-16T11:19:00","date_gmt":"2021-02-16T15:19:00","guid":{"rendered":"http:\/\/www.corumbaonline.com.br\/news\/?p=11712392"},"modified":"2021-02-16T12:26:50","modified_gmt":"2021-02-16T16:26:50","slug":"sessao-solene-marca-inicio-do-ano-legislativo-em-corumba","status":"publish","type":"post","link":"https:\/\/www.corumbaonline.com.br\/news\/sessao-solene-marca-inicio-do-ano-legislativo-em-corumba\/","title":{"rendered":"Sess\u00e3o Solene marca in\u00edcio do Ano Legislativo em Corumb\u00e1"},"content":{"rendered":"<p>Sess\u00e3o Solene realizada no final da tarde de ontem, segunda-feira, 15, marcou o in\u00edcio do Ano Legislativo em Corumb\u00e1. O ato ocorreu no Plen\u00e1rio \u201cDr. L\u00e9o de Medeiros Guimar\u00e3es\u201d, com as presen\u00e7as dos 15 vereadores eleitos em novembro passado; do prefeito municipal Marcelo Iunes, e da deputada federal Bia Cavassa. O deputado estadual Evander Vendramini, devido a agenda assumida anteriormente, fora do Munic\u00edpio, n\u00e3o pode estar presente.<\/p>\n<p>A sess\u00e3o foi presidida pelo presidente do Poder Legislativo corumbaense, vereador Roberto Gomes Fa\u00e7anha (PSDB), e contou com as presen\u00e7as de todos os demais pares da Casa de Leis: Manoel Rodrigues (Republicanos), primeiro vice-presidente; Yussef Salla (PDT), segundo vice-presidente; Elinho Moreira (PTB), primeiro secret\u00e1rio; Samyr Sadeq Ramunieh (PTB), segundo secret\u00e1rio; Ubiratan Canhete de Campos Filho \u2013 Bira (PSDB); Chic\u00e3o Vianna (PSD); Raquel Bryk (PP); Alexandre Vasconcellos (PSDB); Luciano Costa (PSDB); Allex Della (Republicanos); Ga\u00facho da Pr\u00f3-Art (PP); Genilson Jos\u00e9 (PODE); Daniel Brambilla (PSL), e Nelsinho Dib (MDB).<\/p>\n<p><strong>Meta a seguir<\/strong><\/p>\n<p>O prefeito Marcelo Iunes, durante a sess\u00e3o, destacou que tem uma meta a cumprir nos pr\u00f3ximos quatro anos: atuar de forma constante no sentido de fomentar a economia local, gerando emprego e renda para a popula\u00e7\u00e3o corumbaense.<\/p>\n<p>Para que isso ocorra, \u00e9 de suma import\u00e2ncia que dois projetos se tornem realidade n regi\u00e3o: a implanta\u00e7\u00e3o da termoel\u00e9trica, com um ramal do g\u00e1s boliviano exclusivo para atender essa demanda, e a recupera\u00e7\u00e3o e reativa\u00e7\u00e3o da malha ferrovi\u00e1ria que, al\u00e9m de gerar emprego, ser\u00e1 fundamental para escoa\u00e7\u00e3o da produ\u00e7\u00e3o, principalmente dos produtos minerais.<\/p>\n<p>Em rela\u00e7\u00e3o \u00e0 t\u00e9rmica, empreendimento extremamente necess\u00e1rio para produ\u00e7\u00e3o de energia, Marcelo informou que existe um projeto em andamento que vem sendo desenvolvido por um grupo empresarial, e que prev\u00ea a compra direto do g\u00e1s boliviano, o que vai fomentar a industrializa\u00e7\u00e3o do Munic\u00edpio.<\/p>\n<p>J\u00e1 sobre a malha ferrovi\u00e1ria, destacou que o grande parceiro de Corumb\u00e1 \u00e9 o governador Reinaldo Azambuja que est\u00e1 \u00e0 frente desse processo, para atender com seguran\u00e7a, o transporte dos produtos locais, especialmente o min\u00e9rio. \u201cTudo isso vai gerar mais emprego e renda para a popula\u00e7\u00e3o, e fomentar a economia local\u201d, observou.<\/p>\n<p>Fez ainda um relato das obras em execu\u00e7\u00e3o e previstas na cidade, principalmente no setor de infraestrutura, bem como servi\u00e7os, programas e projetos previstos para as outras \u00e1reas, entre elas a sa\u00fade. Para isso, ele projeta contar com uma base forte dentro do Poder Legislativo corumbaense, visando cumprir as metas estabelecidas para os pr\u00f3ximos quatro anos, sempre respeitando a independ\u00eancia da Casa de Leis, mas desenvolvendo um trabalho harm\u00f4nico em prol da comunidade local.<\/p>\n<p>Apoio em Bras\u00edlia<\/p>\n<p>Presente tamb\u00e9m \u00e0 sess\u00e3o, a deputada federal Bia Cavassa colocou seu gabinete em Bras\u00edlia \u00e0 disposi\u00e7\u00e3o dos vereadores corumbaense, bem como da equipe do prefeito Marcelo Iunes. \u201cN\u00e3o s\u00f3 meu gabinete em Bras\u00edlia, mas o nosso escrit\u00f3rio aqui em Corumb\u00e1\u201d, reiterou.<\/p>\n<p>A deputada lembrou a pandemia da Covid-19, a luta para combater o v\u00edrus, e o trabalho desenvolvido em Bras\u00edlia para ajudar o Brasil a passar por um momento dif\u00edcil. Citou recursos destinados aos munic\u00edpios, o aux\u00edlio emergencial para quem necessita, e que \u00e9 preciso continuar a luta para vencer um momento dif\u00edcil como o atual.<\/p>\n<p>\u201cVamos continuar trabalhando com os vereadores e Poder Executivo. Nos \u00faltimos dias de 2020, conseguimos junto ao Minist\u00e9rio da Sa\u00fade, mais recursos para Corumb\u00e1\u201d, lembrou. A deputada fez ainda uma ressalva, parabenizando Raquel Bryk (Progressistas), que vai \u201crepresentar a alma feminina nessa Casa de Leis\u201d.<\/p>\n<p>Lideran\u00e7as<\/p>\n<p>Na sess\u00e3o de abertura do Ano Legislativo, quatro l\u00edderes de partidos na C\u00e2mara fizeram uso da palavra, destacando o momento atual, a import\u00e2ncia de se realizar um trabalho voltado para a popula\u00e7\u00e3o e pelo desenvolvimento da cidade. O primeiro a fazer uso da palavra foi Manoel Rodrigues, do Republicanos, que desejou sucesso a todos os integrantes da casa e ao prefeito Marcelo Iunes, e um ano de grandes realiza\u00e7\u00f5es, desenvolvimento e progresso para Corumb\u00e1. \u201cTenho certeza de que nosso trabalho junto ao Executivo e outros parceiros, vai atender de forma din\u00e2mica, os anseios da nossa popula\u00e7\u00e3o\u201d.<\/p>\n<p>Samyr Sadeq Ramunieh \u2013 Qualhada, fez uso da palavra pelo PTB. Disse que tem muito a aprender, e se colocou \u00e0 disposi\u00e7\u00e3o dos demais parceiros \u201cpara fazer o melhor para Corumb\u00e1\u201d, e que \u00e9 preciso atuar de forma harm\u00f4nica, em parceria com o Poder Executivo, para realizar o trabalho necess\u00e1rio, \u201ccontribuindo para o bem estar da popula\u00e7\u00e3o\u201d.<\/p>\n<p>Pelo PSDB, Ubiratan Canhete de Campos Filho \u2013 Bira, citou que \u00e9 importante contribuir para o bom andamento dos trabalhos da casa, atuando de forma incessante para o bem estar da popula\u00e7\u00e3o, \u201cfazendo o bem comum, o bem para a nossa popula\u00e7\u00e3o\u201d, e que \u00e9 preciso manter a independ\u00eancia, \u201cmas atuar de forma harm\u00f4nica com os outros poderes\u201d.<\/p>\n<p>O \u00faltimo l\u00edder a fazer uso da palavra foi Chic\u00e3o Vianna (PSD). Ele citou que \u00e9 importante haver harmonia entre os poderes, \u201cmas temos que ter o contra ponto para buscar o bem comum. Nunca em que ser 100% do mesmo lado. Toda unanimidade \u00e9 burra\u201d, exaltou, conclamando todos a atuar de forma decisiva em busca de recursos para Corumb\u00e1, principalmente em Bras\u00edlia, junto aos representantes sul-mato-grossenses.<\/p>\n","protected":false},"excerpt":{"rendered":"<p>Sess\u00e3o Solene realizada no final da tarde de ontem, segunda-feira, 15, marcou o in\u00edcio do&#8230;<\/p>\n","protected":false},"author":9,"featured_media":0,"comment_status":"closed","ping_status":"closed","sticky":false,"template":"","format":"standard","meta":{"footnotes":""},"categories":[19],"tags":[],"class_list":["post-11712392","post","type-post","status-publish","format-standard","hentry","category-politica"],"_links":{"self":[{"href":"https:\/\/www.corumbaonline.com.br\/news\/wp-json\/wp\/v2\/posts\/11712392","targetHints":{"allow":["GET"]}}],"collection":[{"href":"https:\/\/www.corumbaonline.com.br\/news\/wp-json\/wp\/v2\/posts"}],"about":[{"href":"https:\/\/www.corumbaonline.com.br\/news\/wp-json\/wp\/v2\/types\/post"}],"author":[{"embeddable":true,"href":"https:\/\/www.corumbaonline.com.br\/news\/wp-json\/wp\/v2\/users\/9"}],"replies":[{"embeddable":true,"href":"https:\/\/www.corumbaonline.com.br\/news\/wp-json\/wp\/v2\/comments?post=11712392"}],"version-history":[{"count":1,"href":"https:\/\/www.corumbaonline.com.br\/news\/wp-json\/wp\/v2\/posts\/11712392\/revisions"}],"predecessor-version":[{"id":11712393,"href":"https:\/\/www.corumbaonline.com.br\/news\/wp-json\/wp\/v2\/posts\/11712392\/revisions\/11712393"}],"wp:attachment":[{"href":"https:\/\/www.corumbaonline.com.br\/news\/wp-json\/wp\/v2\/media?parent=11712392"}],"wp:term":[{"taxonomy":"category","embeddable":true,"href":"https:\/\/www.corumbaonline.com.br\/news\/wp-json\/wp\/v2\/categories?post=11712392"},{"taxonomy":"post_tag","embeddable":true,"href":"https:\/\/www.corumbaonline.com.br\/news\/wp-json\/wp\/v2\/tags?post=11712392"}],"curies":[{"name":"wp","href":"https:\/\/api.w.org\/{rel}","templated":true}]}}