{"id":11712408,"date":"2021-02-17T08:18:00","date_gmt":"2021-02-17T12:18:00","guid":{"rendered":"http:\/\/www.corumbaonline.com.br\/news\/?p=11712408"},"modified":"2021-02-17T09:37:59","modified_gmt":"2021-02-17T13:37:59","slug":"ministerio-da-saude-pode-encaminhar-quinta-remessa-de-vacina-para-ms-na-proxima-semana","status":"publish","type":"post","link":"https:\/\/www.corumbaonline.com.br\/news\/ministerio-da-saude-pode-encaminhar-quinta-remessa-de-vacina-para-ms-na-proxima-semana\/","title":{"rendered":"Minist\u00e9rio da Sa\u00fade pode encaminhar quinta remessa de vacina para MS na pr\u00f3xima semana"},"content":{"rendered":"<p>Mato Grosso do Sul pode receber a quinta remessa da vacina contra a Covid-19 j\u00e1 na pr\u00f3xima semana. O secret\u00e1rio de Estado de Sa\u00fade, Geraldo Resende, afirma que o Minist\u00e9rio da Sa\u00fade comunicou o F\u00f3rum Nacional de Governadores nesta segunda-feira (15), que pode liberar 4,8 milh\u00f5es de doses vacina da Coronavac aos estados at\u00e9 a pr\u00f3xima ter\u00e7a-feira (23).<\/p>\n<p>\u201cHaver\u00e1 uma reuni\u00e3o por videoconfer\u00eancia entre o Minist\u00e9rio da Sa\u00fade e o F\u00f3rum de Governadores para tratar sobre esse assunto. O Governador do Piau\u00ed, Wellington Dias, representante do F\u00f3rum Nacional dos Governadores, recebeu um indicativo de nova remessa para segunda ou ter\u00e7a-feira da pr\u00f3xima semana\u201d, explica o secret\u00e1rio.<\/p>\n<p>Geraldo Resende diz estar esperan\u00e7osos com a possibilidade de envio de novas doses para Mato Grosso do Sul. \u201cFizemos todas as distribui\u00e7\u00f5es em menos de 24 horas, a \u00faltima chegou em 12 horas e isto colocou o nosso Estado em primeiro lugar na distribui\u00e7\u00e3o de doses no pa\u00eds. Assim que o Minist\u00e9rio da Sa\u00fade fizer a distribui\u00e7\u00e3o, haveremos de acionar a nossa log\u00edstica para enviar as novas remessas das vacinas o mais r\u00e1pido poss\u00edvel aos munic\u00edpios\u201d.<\/p>\n<p>Ainda n\u00e3o se sabe o quantitativo de doses a ser encaminhado pelo Minist\u00e9rio da Sa\u00fade ao Estado, mas espera-se que sejam suficientes para finalizar a imuniza\u00e7\u00e3o do grupo priorit\u00e1rio e dos idosos acima de 80 anos. \u201cSabemos da dramaticidade do Estado do Amazonas que dever\u00e1 receber 5% deste quantitativo anunciado, mas n\u00e3o sabemos o quanto ser\u00e1 enviado para os demais estados\u201d, pontua o secret\u00e1rio.<\/p>\n<p>Geraldo Resende afirma que mant\u00e9m contato com diversos secret\u00e1rios municipais onde cobra agilidade no processo de imuniza\u00e7\u00e3o, principalmente para aqueles munic\u00edpios que possuem popula\u00e7\u00e3o ind\u00edgena aldeada.<\/p>\n<p>\u201cQuero que os munic\u00edpios que t\u00eam essa popula\u00e7\u00e3o melhorem a performance de vacina\u00e7\u00e3o nas aldeias. Em paralelo, tenho procurado conversar com os todos os munic\u00edpios para resolver quest\u00f5es pontuais para que n\u00f3s possamos garantir efici\u00eancia no processo de aplica\u00e7\u00e3o da vacina assim como somos na distribui\u00e7\u00e3o das doses\u201d, ressalta o secret\u00e1rio.<\/p>\n<p><strong>Hist\u00f3rico das remessas<\/strong><\/p>\n<p>Mato Grosso do Sul j\u00e1 recebeu 222.746 (vacinas), em quatro carregamentos enviados pelo Minist\u00e9rio da Sa\u00fade. A primeira (remessa) chegou no dia 18 de janeiro, com um lote de 158,7 mil doses da vacina Coronavac.<\/p>\n<p>O segundo lote desembarcou no Estado em 24 de janeiro, com 22 mil doses da vacina AstraZeneca\/Oxford. J\u00e1 o terceiro lote chegou ao Estado em 25 de janeiro, em um refor\u00e7o de mais 10,2 mil doses da Coronavac. A quarta remessa com 32 mil doses de vacina contra a Covid-19 foi entregue ao Governo do Estado no dia 7 de fevereiro.<\/p>\n<p>O governo de Mato Grosso do Sul trabalha para conseguir com mais rapidez a vinda dos imunizantes. E ressalta que o quantitativo divulgado de 4,8 milh\u00f5es de doses a ser enviado pelo Minist\u00e9rio da Sa\u00fade aos estados pode sofrer mudan\u00e7as, considerando que as tratativas est\u00e3o em andamento.<\/p>\n<p>Al\u00e9m da distribui\u00e7\u00e3o das vacinas, Mato Grosso do Sul tamb\u00e9m se tornou destaque nacional na aplica\u00e7\u00e3o dos imunizantes, estando entre os primeiros colocados em todo Pa\u00eds na vacina\u00e7\u00e3o, quando \u00e9 feita a contagem proporcional ao n\u00famero de habitantes. O \u201cVacin\u00f4metro\u201d mostra nesta ter\u00e7a-feira (16) que j\u00e1 foram aplicadas no Estado 122.121 doses de vacinas, o que representa o \u00edndice de 3,47% da popula\u00e7\u00e3o total do Estado.<\/p>\n","protected":false},"excerpt":{"rendered":"<p>Mato Grosso do Sul pode receber a quinta remessa da vacina contra a Covid-19 j\u00e1&#8230;<\/p>\n","protected":false},"author":13,"featured_media":0,"comment_status":"closed","ping_status":"closed","sticky":false,"template":"","format":"standard","meta":{"footnotes":""},"categories":[116,21],"tags":[],"class_list":["post-11712408","post","type-post","status-publish","format-standard","hentry","category-coronavirus","category-saude"],"_links":{"self":[{"href":"https:\/\/www.corumbaonline.com.br\/news\/wp-json\/wp\/v2\/posts\/11712408","targetHints":{"allow":["GET"]}}],"collection":[{"href":"https:\/\/www.corumbaonline.com.br\/news\/wp-json\/wp\/v2\/posts"}],"about":[{"href":"https:\/\/www.corumbaonline.com.br\/news\/wp-json\/wp\/v2\/types\/post"}],"author":[{"embeddable":true,"href":"https:\/\/www.corumbaonline.com.br\/news\/wp-json\/wp\/v2\/users\/13"}],"replies":[{"embeddable":true,"href":"https:\/\/www.corumbaonline.com.br\/news\/wp-json\/wp\/v2\/comments?post=11712408"}],"version-history":[{"count":1,"href":"https:\/\/www.corumbaonline.com.br\/news\/wp-json\/wp\/v2\/posts\/11712408\/revisions"}],"predecessor-version":[{"id":11712409,"href":"https:\/\/www.corumbaonline.com.br\/news\/wp-json\/wp\/v2\/posts\/11712408\/revisions\/11712409"}],"wp:attachment":[{"href":"https:\/\/www.corumbaonline.com.br\/news\/wp-json\/wp\/v2\/media?parent=11712408"}],"wp:term":[{"taxonomy":"category","embeddable":true,"href":"https:\/\/www.corumbaonline.com.br\/news\/wp-json\/wp\/v2\/categories?post=11712408"},{"taxonomy":"post_tag","embeddable":true,"href":"https:\/\/www.corumbaonline.com.br\/news\/wp-json\/wp\/v2\/tags?post=11712408"}],"curies":[{"name":"wp","href":"https:\/\/api.w.org\/{rel}","templated":true}]}}