{"id":11712434,"date":"2021-02-17T10:42:00","date_gmt":"2021-02-17T14:42:00","guid":{"rendered":"http:\/\/www.corumbaonline.com.br\/news\/?p=11712434"},"modified":"2021-02-17T11:43:33","modified_gmt":"2021-02-17T15:43:33","slug":"solicitada-na-camara-limpeza-e-manutencao-do-eco-parque-cacimba-da-saude","status":"publish","type":"post","link":"https:\/\/www.corumbaonline.com.br\/news\/solicitada-na-camara-limpeza-e-manutencao-do-eco-parque-cacimba-da-saude\/","title":{"rendered":"Solicitada na C\u00e2mara, limpeza e manuten\u00e7\u00e3o do Eco Parque Cacimba da Sa\u00fade"},"content":{"rendered":"<p>Preocupado com o avan\u00e7o da dengue em Corumb\u00e1, o vereador Ubiratan Canhete de Campos \u2013 Bira, apresentou na sess\u00e3o ordin\u00e1ria de ontem, ter\u00e7a-feira, 16, um pedido para que sejam realizados servi\u00e7os de limpeza e manuten\u00e7\u00e3o do Eco Parque Cacimba da Sa\u00fade, localizado no Bairro da Cervejaria.<\/p>\n<p>\u201cEstamos tendo muitas notifica\u00e7\u00f5es de casos de dengue em nossa regi\u00e3o e devemos tomar todos os cuidados necess\u00e1rios para evitar prolifera\u00e7\u00e3o do mosquito Aedes aegypti, transmissor dessa doen\u00e7a, bem como da Zika v\u00edrus, Chikungunya e febre amarela. E isso para pela limpeza, com elimina\u00e7\u00e3o de qualquer recipiente que possa se tornar dep\u00f3sito de \u00e1gua, ideal para o mosquito procriar\u201d, destacou.<\/p>\n<p>Por isso mesmo ele apresentou uma indica\u00e7\u00e3o direcionada ao secret\u00e1rio de Infraestrutura e Servi\u00e7os P\u00fablicos, Luiz Fernando Moreira, solicitando a realiza\u00e7\u00e3o de servi\u00e7os de limpeza, ro\u00e7ada do mato e manuten\u00e7\u00e3o do Eco Parque Cacimba da Sa\u00fade, devido ao ac\u00famulo de lixo, matagal, \u201co que amenta o perigo com rela\u00e7\u00e3o ao vetor que transmite doen\u00e7as\u201d, completou.<\/p>\n<p>Beira Rio<\/p>\n<p>Em outra indica\u00e7\u00e3o\u00a0 dirigida \u00e0 mesma pasta, Bira solicitou realiza\u00e7\u00e3o de estudos t\u00e9cnicos e financeiro, visando a execu\u00e7\u00e3o de obra de conten\u00e7\u00e3o da eros\u00e3o e recupera\u00e7\u00e3o do porto da Ladeira Dona Em\u00edlia, na regi\u00e3o do Bairro Beira Rio. \u201cO porto tem grande circula\u00e7\u00e3o de embarca\u00e7\u00f5es que abastecem as regi\u00f5es ribeirinhas de Corumb\u00e1, e os usu\u00e1rios est\u00e3o reclamando das condi\u00e7\u00f5es de embarque e desembarque, principalmente durante esse per\u00edodo de chuvas, que causou mais transtornos ainda aos usu\u00e1rios dos servi\u00e7os\u201d, justificou.<\/p>\n<p>O vereador solicitou tamb\u00e9m informa\u00e7\u00f5es em rela\u00e7\u00e3o ao cronograma de obras na Rua Oriental, trecho compreendido entre a Rua Dom Aquino at\u00e9 o barranco que d\u00e1 para o Centro da Amizade. Ele quer saber se h\u00e1 previs\u00e3o ou n\u00e3o do trecho receber pavimenta\u00e7\u00e3o asf\u00e1ltica ou lajotamento.<\/p>\n<p>Al\u00e9m disso, ainda \u00e0 pasta de Infraestrutura, pediu a recupera\u00e7\u00e3o imediata do trecho, ainda que de forma paliativa num primeiro momento, pois est\u00e1 intransit\u00e1vel devido as chuvas recorrentes neste ver\u00e3o. Refor\u00e7ou que os moradores est\u00e3o criticando a aus\u00eancia de infraestrutura, e que apenas aquela quadra n\u00e3o conta com pavimento.<\/p>\n<p>Ilumina\u00e7\u00e3o<\/p>\n<p>Tamb\u00e9m \u00e0 pasta de Infraestrutura, Bira requereu a instala\u00e7\u00e3o de sistema de ilumina\u00e7\u00e3o p\u00fablica na rua Major Gama, entre as ruas Jos\u00e9 B. Maciel e Fernando Cal\u00e1bria, no bairro Conjunto Flamboyant. \u201cTrata-se de uma via muito utilizada pelos moradores do conjunto Flamboyant, e a falta de ilumina\u00e7\u00e3o p\u00fablica leva perigo aos cidad\u00e3os que por ali circulam no per\u00edodo noturno\u201d, concluiu.<\/p>\n","protected":false},"excerpt":{"rendered":"<p>Preocupado com o avan\u00e7o da dengue em Corumb\u00e1, o vereador Ubiratan Canhete de Campos \u2013&#8230;<\/p>\n","protected":false},"author":63,"featured_media":11712435,"comment_status":"closed","ping_status":"closed","sticky":false,"template":"","format":"standard","meta":{"footnotes":""},"categories":[19],"tags":[],"class_list":["post-11712434","post","type-post","status-publish","format-standard","has-post-thumbnail","hentry","category-politica"],"_links":{"self":[{"href":"https:\/\/www.corumbaonline.com.br\/news\/wp-json\/wp\/v2\/posts\/11712434","targetHints":{"allow":["GET"]}}],"collection":[{"href":"https:\/\/www.corumbaonline.com.br\/news\/wp-json\/wp\/v2\/posts"}],"about":[{"href":"https:\/\/www.corumbaonline.com.br\/news\/wp-json\/wp\/v2\/types\/post"}],"author":[{"embeddable":true,"href":"https:\/\/www.corumbaonline.com.br\/news\/wp-json\/wp\/v2\/users\/63"}],"replies":[{"embeddable":true,"href":"https:\/\/www.corumbaonline.com.br\/news\/wp-json\/wp\/v2\/comments?post=11712434"}],"version-history":[{"count":1,"href":"https:\/\/www.corumbaonline.com.br\/news\/wp-json\/wp\/v2\/posts\/11712434\/revisions"}],"predecessor-version":[{"id":11712436,"href":"https:\/\/www.corumbaonline.com.br\/news\/wp-json\/wp\/v2\/posts\/11712434\/revisions\/11712436"}],"wp:featuredmedia":[{"embeddable":true,"href":"https:\/\/www.corumbaonline.com.br\/news\/wp-json\/wp\/v2\/media\/11712435"}],"wp:attachment":[{"href":"https:\/\/www.corumbaonline.com.br\/news\/wp-json\/wp\/v2\/media?parent=11712434"}],"wp:term":[{"taxonomy":"category","embeddable":true,"href":"https:\/\/www.corumbaonline.com.br\/news\/wp-json\/wp\/v2\/categories?post=11712434"},{"taxonomy":"post_tag","embeddable":true,"href":"https:\/\/www.corumbaonline.com.br\/news\/wp-json\/wp\/v2\/tags?post=11712434"}],"curies":[{"name":"wp","href":"https:\/\/api.w.org\/{rel}","templated":true}]}}