{"id":11712437,"date":"2021-02-17T11:30:00","date_gmt":"2021-02-17T15:30:00","guid":{"rendered":"http:\/\/www.corumbaonline.com.br\/news\/?p=11712437"},"modified":"2021-02-17T11:46:39","modified_gmt":"2021-02-17T15:46:39","slug":"psl-anuncia-que-vai-expulsar-o-deputado-daniel-silveira","status":"publish","type":"post","link":"https:\/\/www.corumbaonline.com.br\/news\/psl-anuncia-que-vai-expulsar-o-deputado-daniel-silveira\/","title":{"rendered":"PSL anuncia que vai expulsar o deputado Daniel Silveira"},"content":{"rendered":"<p>O\u00a0<strong>PSL\u00a0<\/strong>anunciou que pretende expulsar o deputado\u00a0<strong>Daniel Silveira<\/strong>\u00a0(RJ) da legenda. Por meio de nota, a Executiva nacional do partido informou que &#8220;est\u00e1 tomando todas as medidas jur\u00eddicas cab\u00edveis para o afastamento definitivo&#8221; do parlamentar.<\/p>\n<p>No texto, assinado pelo presidente do partido, Luciano Bivar, o PSL repudia &#8220;com veem\u00eancia&#8221; os ataques a ministros do Supremo Tribunal Federal, &#8220;ofendendo, de maneira vil, a honra dos mesmos, bem como proferindo cr\u00edticas contundentes \u00e0 institui\u00e7\u00e3o como um todo&#8221;.<\/p>\n<p class=\"text\">Silveira j\u00e1 cumpria suspens\u00e3o no partido por contrariar decis\u00f5es da legenda; ele havia perdido direito a voto em decis\u00f5es internas e n\u00e3o pode representar o PSL formalmente. A agremia\u00e7\u00e3o tentou inclusive evitar que ele tivesse direito a voto na elei\u00e7\u00e3o da Mesa Diretora da C\u00e2mara, mas n\u00e3o conseguiu.<\/p>\n<p class=\"text\"><b>Opini\u00e3o contr\u00e1ria<\/b><\/p>\n<p class=\"text\">Na contram\u00e3o da postura da Executiva Nacional do PSL, a lideran\u00e7a do partido na C\u00e2mara divulgou nota nesta quarta-feira contr\u00e1ria \u00e0 pris\u00e3o de Silveira. Assinada pelo l\u00edder Vitor Hugo (GO), a nota diz que relativizar a inviolabilidade de parlamentares \u00e9 &#8220;abalar a estrutura democr\u00e1tica do Brasil, ferindo mortalmente a separa\u00e7\u00e3o dos Poderes&#8221;.<\/p>\n<p class=\"text\">&#8220;A lideran\u00e7a do PSL na C\u00e2mara reafirma sua defesa \u00e0 Constitui\u00e7\u00e3o Federal que, em um dos seus pilares democr\u00e1ticos, prev\u00ea no art. 53: &#8216;os deputados e senadores s\u00e3o inviol\u00e1veis, civil e penalmente, por quaisquer de suas opini\u00f5es, palavras e votos'&#8221;, relatou em nota. &#8220;Relativizar tal premissa \u00e9 abalar a estrutura democr\u00e1tica do Brasil, ferindo mortalmente a separa\u00e7\u00e3o dos Poderes&#8221;, afirmou.<\/p>\n<p class=\"text\">Em suas redes sociais, Vitor Hugo j\u00e1 havia contestado a pris\u00e3o do deputado. A posi\u00e7\u00e3o foi refor\u00e7ada na nota oficial da lideran\u00e7a da sigla na C\u00e2mara. &#8220;No caso do deputado Daniel Silveira (PSL-RJ) n\u00e3o houve flagrante e a opini\u00e3o do parlamentar n\u00e3o pode ser considerada crime inafian\u00e7\u00e1vel&#8221;, disse.<\/p>\n<p class=\"text\">A Constitui\u00e7\u00e3o prev\u00ea que membros do Congresso n\u00e3o podem ser presos, a n\u00e3o ser em flagrante de crimes inafian\u00e7\u00e1veis. Nesse caso, cabe \u00e0 Casa legislativa deliberar sobre a deten\u00e7\u00e3o. &#8220;Temos absoluta certeza que o Plen\u00e1rio da C\u00e2mara mostrar\u00e1 seu compromisso e juramento em defesa da Constitui\u00e7\u00e3o Federal e restaurar\u00e1 a normalidade democr\u00e1tica no nosso pa\u00eds&#8221;, afirmou Vitor Hugo na nota.<\/p>\n<p class=\"text\">O presidente da C\u00e2mara, Arthur Lira (PP-AL), marcou para hoje reuni\u00e3o da Mesa diretora e do col\u00e9gio de l\u00edderes para tratar sobre a pris\u00e3o de Daniel Silveira.<\/p>\n","protected":false},"excerpt":{"rendered":"<p>O\u00a0PSL\u00a0anunciou que pretende expulsar o deputado\u00a0Daniel Silveira\u00a0(RJ) da legenda. Por meio de nota, a Executiva&#8230;<\/p>\n","protected":false},"author":11,"featured_media":0,"comment_status":"closed","ping_status":"closed","sticky":false,"template":"","format":"standard","meta":{"footnotes":""},"categories":[19],"tags":[],"class_list":["post-11712437","post","type-post","status-publish","format-standard","hentry","category-politica"],"_links":{"self":[{"href":"https:\/\/www.corumbaonline.com.br\/news\/wp-json\/wp\/v2\/posts\/11712437","targetHints":{"allow":["GET"]}}],"collection":[{"href":"https:\/\/www.corumbaonline.com.br\/news\/wp-json\/wp\/v2\/posts"}],"about":[{"href":"https:\/\/www.corumbaonline.com.br\/news\/wp-json\/wp\/v2\/types\/post"}],"author":[{"embeddable":true,"href":"https:\/\/www.corumbaonline.com.br\/news\/wp-json\/wp\/v2\/users\/11"}],"replies":[{"embeddable":true,"href":"https:\/\/www.corumbaonline.com.br\/news\/wp-json\/wp\/v2\/comments?post=11712437"}],"version-history":[{"count":1,"href":"https:\/\/www.corumbaonline.com.br\/news\/wp-json\/wp\/v2\/posts\/11712437\/revisions"}],"predecessor-version":[{"id":11712438,"href":"https:\/\/www.corumbaonline.com.br\/news\/wp-json\/wp\/v2\/posts\/11712437\/revisions\/11712438"}],"wp:attachment":[{"href":"https:\/\/www.corumbaonline.com.br\/news\/wp-json\/wp\/v2\/media?parent=11712437"}],"wp:term":[{"taxonomy":"category","embeddable":true,"href":"https:\/\/www.corumbaonline.com.br\/news\/wp-json\/wp\/v2\/categories?post=11712437"},{"taxonomy":"post_tag","embeddable":true,"href":"https:\/\/www.corumbaonline.com.br\/news\/wp-json\/wp\/v2\/tags?post=11712437"}],"curies":[{"name":"wp","href":"https:\/\/api.w.org\/{rel}","templated":true}]}}