{"id":11712439,"date":"2021-02-17T11:00:00","date_gmt":"2021-02-17T15:00:00","guid":{"rendered":"http:\/\/www.corumbaonline.com.br\/news\/?p=11712439"},"modified":"2021-02-17T11:48:14","modified_gmt":"2021-02-17T15:48:14","slug":"vereador-pede-limpeza-de-vias-publicas-na-regiao-do-bairro-popular-nova","status":"publish","type":"post","link":"https:\/\/www.corumbaonline.com.br\/news\/vereador-pede-limpeza-de-vias-publicas-na-regiao-do-bairro-popular-nova\/","title":{"rendered":"Vereador pede limpeza de vias p\u00fablicas na regi\u00e3o do Bairro Popular Nova"},"content":{"rendered":"<p>A limpeza com retirada de entulhos acumulados em vias p\u00fablicas foi solicitada pelo vereador Genilson Jos\u00e9, como forma de eliminar dep\u00f3sitos eu podem se tornar focos do mosquito Aedes aegypti, transmissor da dengue e outras doen\u00e7as.<\/p>\n<p>O pedido foi feito durante sess\u00e3o ordin\u00e1ria do Poder Legislativo realizada na ter\u00e7a-feira, 16, e direcionado ao secret\u00e1rio de Infraestrutura e Servi\u00e7os P\u00fablicos, Luiz Fernando Moreira, em atendimento a pedidos de moradores que demonstram preocupa\u00e7\u00e3o com a dengue, j\u00e1 que estes locais podem ser focos em potencial do Aedes aegypti.<\/p>\n<p>Conforme o vereador, \u00e9 necess\u00e1rio fazer a coleta de galhos e outros materiais acumulados na esquina da Rua Firmo de Matos com a Minas Gerais; na Firmo de Matos com a Alameda Santa Tereza, e na Firmo de Matos com a Alameda Iracema, todas no Bairro Popular Nova.<\/p>\n<p>Ainda na regi\u00e3o da Popular Nova, Genilson solicitou a limpeza e manuten\u00e7\u00e3o da pra\u00e7a do bairro, parar melhorar as condi\u00e7\u00f5es de uso por parte da comunidade local, al\u00e9m de contribuir para surgimentos de dep\u00f3sitos de prolifera\u00e7\u00e3o do mosquito transmissor da dengue, Zika v\u00edrus, Chikungunya e febre amarela.<\/p>\n<p>Infraestrutura<\/p>\n<p>Na mesma sess\u00e3o, o vereador reivindicou \u00e0 pasta de infraestrutura, a realiza\u00e7\u00e3o de servi\u00e7os de manuten\u00e7\u00e3o da Rua Edu Rocha, entre a Agostinho M\u00f4naco e Jo\u00e3o Bosco da Motta, no Guaicurus, eu se encontra em prec\u00e1rias condi\u00e7\u00f5es de tr\u00e1fego, conforme justificativas dos pr\u00f3prios moradores.<\/p>\n<p>Pediu provid\u00eancias junto \u00e0 Prefeitura, para que sejam realizadas podas de \u00e1rvores existentes na Rua Delamare, entre as ruas Ant\u00f4nio Jo\u00e3o e Tiradentes, que devido ao enorme porte, est\u00e3o atingindo a rede de energia el\u00e9trica, podendo causar transtornos aos moradores e perigo \u00e0s pessoas que trafegam pelo local.<\/p>\n","protected":false},"excerpt":{"rendered":"<p>A limpeza com retirada de entulhos acumulados em vias p\u00fablicas foi solicitada pelo vereador Genilson&#8230;<\/p>\n","protected":false},"author":63,"featured_media":0,"comment_status":"closed","ping_status":"closed","sticky":false,"template":"","format":"standard","meta":{"footnotes":""},"categories":[19],"tags":[],"class_list":["post-11712439","post","type-post","status-publish","format-standard","hentry","category-politica"],"_links":{"self":[{"href":"https:\/\/www.corumbaonline.com.br\/news\/wp-json\/wp\/v2\/posts\/11712439","targetHints":{"allow":["GET"]}}],"collection":[{"href":"https:\/\/www.corumbaonline.com.br\/news\/wp-json\/wp\/v2\/posts"}],"about":[{"href":"https:\/\/www.corumbaonline.com.br\/news\/wp-json\/wp\/v2\/types\/post"}],"author":[{"embeddable":true,"href":"https:\/\/www.corumbaonline.com.br\/news\/wp-json\/wp\/v2\/users\/63"}],"replies":[{"embeddable":true,"href":"https:\/\/www.corumbaonline.com.br\/news\/wp-json\/wp\/v2\/comments?post=11712439"}],"version-history":[{"count":1,"href":"https:\/\/www.corumbaonline.com.br\/news\/wp-json\/wp\/v2\/posts\/11712439\/revisions"}],"predecessor-version":[{"id":11712440,"href":"https:\/\/www.corumbaonline.com.br\/news\/wp-json\/wp\/v2\/posts\/11712439\/revisions\/11712440"}],"wp:attachment":[{"href":"https:\/\/www.corumbaonline.com.br\/news\/wp-json\/wp\/v2\/media?parent=11712439"}],"wp:term":[{"taxonomy":"category","embeddable":true,"href":"https:\/\/www.corumbaonline.com.br\/news\/wp-json\/wp\/v2\/categories?post=11712439"},{"taxonomy":"post_tag","embeddable":true,"href":"https:\/\/www.corumbaonline.com.br\/news\/wp-json\/wp\/v2\/tags?post=11712439"}],"curies":[{"name":"wp","href":"https:\/\/api.w.org\/{rel}","templated":true}]}}