{"id":11712443,"date":"2021-02-17T11:45:00","date_gmt":"2021-02-17T15:45:00","guid":{"rendered":"http:\/\/www.corumbaonline.com.br\/news\/?p=11712443"},"modified":"2021-02-17T11:50:56","modified_gmt":"2021-02-17T15:50:56","slug":"prisao-de-silveira-esta-dentro-da-normalidade-juridica-diz-lider-do-cidadania","status":"publish","type":"post","link":"https:\/\/www.corumbaonline.com.br\/news\/prisao-de-silveira-esta-dentro-da-normalidade-juridica-diz-lider-do-cidadania\/","title":{"rendered":"Pris\u00e3o de Silveira &#8216;est\u00e1 dentro da normalidade jur\u00eddica&#8217;, diz l\u00edder do Cidadania"},"content":{"rendered":"\n<p>O l\u00edder do Cidadania na C\u00e2mara, deputado Alex Manente (SP), defendeu, em nota, a determina\u00e7\u00e3o do ministro Alexandre de Moraes, do Supremo Tribunal Federal (STF), de prender o deputado bolsonarista Daniel Silveira (PSL-RJ) ap\u00f3s o parlamentar publicar v\u00eddeo com ofensas e amea\u00e7as a membros da Corte. Segundo Manente, a pris\u00e3o est\u00e1 &#8220;dentro da normalidade jur\u00eddica e constitucional&#8221;.<\/p>\n\n\n\n<p>Na nota, o Manente refor\u00e7a: &#8220;o deputado faz defesa expressa do AI-5, imputa frontalmente os ministros do STF de crimes e clama por supress\u00e3o de direitos constitucionais. Meu papel como parlamentar \u00e9 garantir que as institui\u00e7\u00f5es republicanas brasileiras sejam mantidas. Como l\u00edder do Cidadania na C\u00e2mara dos Deputados, tomaremos uma decis\u00e3o conjunta e nossa bancada definir\u00e1 uma posi\u00e7\u00e3o durante reuni\u00e3o desta quarta-feira (17)&#8221;.<\/p>\n\n\n\n<p>Est\u00e1 convocada para a tarde desta quarta-feira reuni\u00e3o extraordin\u00e1ria da Mesa Diretora da C\u00e2mara e do col\u00e9gio de l\u00edderes para tratar sobre a pris\u00e3o de Silveira. Os parlamentares devem definir quando a Casa vai analisar o assunto em plen\u00e1rio. Em caso de pris\u00e3o de parlamentares em flagrante de crime inafian\u00e7\u00e1vel, a Constitui\u00e7\u00e3o prev\u00ea que a respectiva Casa legislativa delibere sobre a deten\u00e7\u00e3o.<\/p>\n","protected":false},"excerpt":{"rendered":"<p>O l\u00edder do Cidadania na C\u00e2mara, deputado Alex Manente (SP), defendeu, em nota, a determina\u00e7\u00e3o&#8230;<\/p>\n","protected":false},"author":11,"featured_media":0,"comment_status":"closed","ping_status":"closed","sticky":false,"template":"","format":"standard","meta":{"footnotes":""},"categories":[19],"tags":[],"class_list":["post-11712443","post","type-post","status-publish","format-standard","hentry","category-politica"],"_links":{"self":[{"href":"https:\/\/www.corumbaonline.com.br\/news\/wp-json\/wp\/v2\/posts\/11712443","targetHints":{"allow":["GET"]}}],"collection":[{"href":"https:\/\/www.corumbaonline.com.br\/news\/wp-json\/wp\/v2\/posts"}],"about":[{"href":"https:\/\/www.corumbaonline.com.br\/news\/wp-json\/wp\/v2\/types\/post"}],"author":[{"embeddable":true,"href":"https:\/\/www.corumbaonline.com.br\/news\/wp-json\/wp\/v2\/users\/11"}],"replies":[{"embeddable":true,"href":"https:\/\/www.corumbaonline.com.br\/news\/wp-json\/wp\/v2\/comments?post=11712443"}],"version-history":[{"count":1,"href":"https:\/\/www.corumbaonline.com.br\/news\/wp-json\/wp\/v2\/posts\/11712443\/revisions"}],"predecessor-version":[{"id":11712444,"href":"https:\/\/www.corumbaonline.com.br\/news\/wp-json\/wp\/v2\/posts\/11712443\/revisions\/11712444"}],"wp:attachment":[{"href":"https:\/\/www.corumbaonline.com.br\/news\/wp-json\/wp\/v2\/media?parent=11712443"}],"wp:term":[{"taxonomy":"category","embeddable":true,"href":"https:\/\/www.corumbaonline.com.br\/news\/wp-json\/wp\/v2\/categories?post=11712443"},{"taxonomy":"post_tag","embeddable":true,"href":"https:\/\/www.corumbaonline.com.br\/news\/wp-json\/wp\/v2\/tags?post=11712443"}],"curies":[{"name":"wp","href":"https:\/\/api.w.org\/{rel}","templated":true}]}}