{"id":11712446,"date":"2021-02-17T11:53:00","date_gmt":"2021-02-17T15:53:00","guid":{"rendered":"http:\/\/www.corumbaonline.com.br\/news\/?p=11712446"},"modified":"2021-02-17T11:53:32","modified_gmt":"2021-02-17T15:53:32","slug":"vacina-nao-e-o-fim-da-pandemia-alerta-saude-do-municipio","status":"publish","type":"post","link":"https:\/\/www.corumbaonline.com.br\/news\/vacina-nao-e-o-fim-da-pandemia-alerta-saude-do-municipio\/","title":{"rendered":"Vacina n\u00e3o \u00e9 o fim da pandemia, alerta Sa\u00fade do munic\u00edpio"},"content":{"rendered":"<p>Com o in\u00edcio da imuniza\u00e7\u00e3o dos grupos priorit\u00e1rios contra a Covid-19 nota-se uma diminui\u00e7\u00e3o dos cuidados de biosseguran\u00e7a, que s\u00e3o fundamentais para a preven\u00e7\u00e3o. Desde o in\u00edcio da pandemia Corumb\u00e1 j\u00e1 registrou 9.081 casos positivos da doen\u00e7a e 251 \u00f3bitos.<\/p>\n<p>O\u00a0Prefeito, Marcelo Iunes\u00a0pede para que a popula\u00e7\u00e3o mantenha\u00a0a aten\u00e7\u00e3o\u00a0necess\u00e1ria, \u201cfaz\u00a0quase\u00a0um ano que\u00a0lutamos contra este inimigo,\u00a0o\u00a0munic\u00edpio j\u00e1 tomou in\u00fameras medidas\u00a0visando a\u00a0preven\u00e7\u00e3o, e\u00a0a\u00a0assist\u00eancia em sa\u00fade dos casos positivos, como a cria\u00e7\u00e3o de leitos de CTI exclusivo, uma Central de Atendimento especifica para suspeitos e confirmados, bem como uma rede de mapeamento e monitoramento dos casos positivos\u201d.<\/p>\n<p>\u201cPercebemos\u00a0que muitas pessoas n\u00e3o conseguem manter o\u00a0n\u00edvel de aten\u00e7\u00e3o e cuidado do come\u00e7o,\u00a0mas \u00e9 fundamental para se evitar a contamina\u00e7\u00e3o.\u00a0A\u00a0vacina\u00e7\u00e3o est\u00e1 ocorrendo de forma gradativa, no momento toda a produ\u00e7\u00e3o \u00e9 do Minist\u00e9rio, n\u00e3o\u00a0temos como comprar, mas quando puder vamos\u00a0adquirir\u201d,\u00a0complementa o\u00a0Chefe do Executivo corumbaense.<\/p>\n<p>At\u00e9 o momento o munic\u00edpio recebeu 5.526 doses dos imunizantes e aplicou 4.893, como explica o Secret\u00e1rio de Sa\u00fade, Rog\u00e9rio Leite \u201ca vacina \u00e9 fundamental, mas somente ela n\u00e3o \u00e9 suficiente, n\u00e3o estamos falando de um elixir m\u00e1gico que vai resolver a pandemia. Iniciamos a imuniza\u00e7\u00e3o dos trabalhadores de sa\u00fade, ind\u00edgenas e idosos acima de 80 anos, a vacina\u00e7\u00e3o de todos os grupos priorit\u00e1rios devem durar at\u00e9 o final do ano\u201d.<\/p>\n<p>\u201cMesmo com o Decreto do Estado proibindo festas neste per\u00edodo e com o cancelamento do carnaval e do ponto facultativo pela Prefeitura, o Grupo de Fiscaliza\u00e7\u00e3o Integrada recebeu in\u00fameras den\u00fancias de festas domiciliares clandestinas. A popula\u00e7\u00e3o deve continuar a fazer a sua parte, caso contr\u00e1rio a curva epidemiol\u00f3gica voltar\u00e1 a subir\u201d, adverte o Secret\u00e1rio de Sa\u00fade.<\/p>\n<p>As principais medidas de preven\u00e7\u00e3o devem ser uso de m\u00e1scara, distanciamento social, higiene das m\u00e3os, e testagem sempre que tiver sintomas suspeitos.\u00a0Agendamento dos testes pelo 0800 6470911.<\/p>\n","protected":false},"excerpt":{"rendered":"<p>Com o in\u00edcio da imuniza\u00e7\u00e3o dos grupos priorit\u00e1rios contra a Covid-19 nota-se uma diminui\u00e7\u00e3o dos&#8230;<\/p>\n","protected":false},"author":70,"featured_media":11712447,"comment_status":"closed","ping_status":"closed","sticky":false,"template":"","format":"standard","meta":{"footnotes":""},"categories":[116,8,21],"tags":[],"class_list":["post-11712446","post","type-post","status-publish","format-standard","has-post-thumbnail","hentry","category-coronavirus","category-destaque","category-saude"],"_links":{"self":[{"href":"https:\/\/www.corumbaonline.com.br\/news\/wp-json\/wp\/v2\/posts\/11712446","targetHints":{"allow":["GET"]}}],"collection":[{"href":"https:\/\/www.corumbaonline.com.br\/news\/wp-json\/wp\/v2\/posts"}],"about":[{"href":"https:\/\/www.corumbaonline.com.br\/news\/wp-json\/wp\/v2\/types\/post"}],"author":[{"embeddable":true,"href":"https:\/\/www.corumbaonline.com.br\/news\/wp-json\/wp\/v2\/users\/70"}],"replies":[{"embeddable":true,"href":"https:\/\/www.corumbaonline.com.br\/news\/wp-json\/wp\/v2\/comments?post=11712446"}],"version-history":[{"count":1,"href":"https:\/\/www.corumbaonline.com.br\/news\/wp-json\/wp\/v2\/posts\/11712446\/revisions"}],"predecessor-version":[{"id":11712448,"href":"https:\/\/www.corumbaonline.com.br\/news\/wp-json\/wp\/v2\/posts\/11712446\/revisions\/11712448"}],"wp:featuredmedia":[{"embeddable":true,"href":"https:\/\/www.corumbaonline.com.br\/news\/wp-json\/wp\/v2\/media\/11712447"}],"wp:attachment":[{"href":"https:\/\/www.corumbaonline.com.br\/news\/wp-json\/wp\/v2\/media?parent=11712446"}],"wp:term":[{"taxonomy":"category","embeddable":true,"href":"https:\/\/www.corumbaonline.com.br\/news\/wp-json\/wp\/v2\/categories?post=11712446"},{"taxonomy":"post_tag","embeddable":true,"href":"https:\/\/www.corumbaonline.com.br\/news\/wp-json\/wp\/v2\/tags?post=11712446"}],"curies":[{"name":"wp","href":"https:\/\/api.w.org\/{rel}","templated":true}]}}