{"id":11712458,"date":"2021-02-18T10:28:00","date_gmt":"2021-02-18T14:28:00","guid":{"rendered":"http:\/\/www.corumbaonline.com.br\/news\/?p=11712458"},"modified":"2021-02-18T11:19:17","modified_gmt":"2021-02-18T15:19:17","slug":"projeto-preve-garantia-nas-investigacoes-de-crimes-contra-criancas-e-adolescentes","status":"publish","type":"post","link":"https:\/\/www.corumbaonline.com.br\/news\/projeto-preve-garantia-nas-investigacoes-de-crimes-contra-criancas-e-adolescentes\/","title":{"rendered":"Projeto prev\u00ea garantia nas investiga\u00e7\u00f5es de crimes contra crian\u00e7as e adolescentes"},"content":{"rendered":"<p>Tramita na Assembleia Legislativa de Mato Grosso do Sul (ALEMS) o\u00a0<a href=\"http:\/\/sgpl.consulta.al.ms.gov.br\/sgpl-publico\/#\/linha-tempo?idProposicao=112100\" target=\"_blank\" rel=\"noopener\"><ins>Projeto de Lei 16\/2021<\/ins><\/a>, de autoria do deputado Lucas de Lima (Solidariedade), que disp\u00f5e sobre a garantia de prioridade de tramita\u00e7\u00e3o dos procedimentos investigat\u00f3rios que visem \u00e0 apura\u00e7\u00e3o e responsabiliza\u00e7\u00e3o de crimes dolosos e culposos com resultado de morte, inclusive na modalidade tentada, que tenham como v\u00edtimas crian\u00e7as e adolescentes.<\/p>\n<p>Dever\u00e3o ser identificados atrav\u00e9s de etiqueta na capa dos autos, ou sinaliza\u00e7\u00e3o eletr\u00f4nica com refer\u00eancia aos termos \u201cPrioridade &#8211; V\u00edtima Crian\u00e7a ou Adolescente&#8221;, os procedimentos investigat\u00f3rios instaurados em rela\u00e7\u00e3o aos feitos, e as comunica\u00e7\u00f5es internas e externas referentes a estes inqu\u00e9ritos.<\/p>\n<p>Se a proposta receber parecer favor\u00e1vel \u00e0 sua tramita\u00e7\u00e3o na Casa de Leis pela Comiss\u00e3o de Constitui\u00e7\u00e3o, Justi\u00e7a e Reda\u00e7\u00e3o (CCJR), e pelas comiss\u00f5es de m\u00e9rito, sendo aprovada tamb\u00e9m nas vota\u00e7\u00f5es em plen\u00e1rio, torna-se lei e entrar\u00e1 em\u00a0vigor na data da publica\u00e7\u00e3o no Di\u00e1rio Oficial Eletr\u00f4nico do Estado.<\/p>\n<p>O parlamentar explica o objetivo de sua proposta. \u201cO projeto de lei apresentado\u00a0contribuir\u00e1 para que a cadeia de apura\u00e7\u00e3o e processamento destes casos em suas etapas subsequentes tenham ainda mais \u00eaxito, colaborando para que Mato Grosso do Sul se destaque pelo seu alinhamento junto \u00e0s legisla\u00e7\u00f5es nacionais e internacionais, que determinam a prioridade absoluta da inf\u00e2ncia e juventude\u201d, destacou Lucas de Lima.<\/p>\n","protected":false},"excerpt":{"rendered":"<p>Tramita na Assembleia Legislativa de Mato Grosso do Sul (ALEMS) o\u00a0Projeto de Lei 16\/2021, de&#8230;<\/p>\n","protected":false},"author":12,"featured_media":0,"comment_status":"closed","ping_status":"closed","sticky":false,"template":"","format":"standard","meta":{"footnotes":""},"categories":[19],"tags":[],"class_list":["post-11712458","post","type-post","status-publish","format-standard","hentry","category-politica"],"_links":{"self":[{"href":"https:\/\/www.corumbaonline.com.br\/news\/wp-json\/wp\/v2\/posts\/11712458","targetHints":{"allow":["GET"]}}],"collection":[{"href":"https:\/\/www.corumbaonline.com.br\/news\/wp-json\/wp\/v2\/posts"}],"about":[{"href":"https:\/\/www.corumbaonline.com.br\/news\/wp-json\/wp\/v2\/types\/post"}],"author":[{"embeddable":true,"href":"https:\/\/www.corumbaonline.com.br\/news\/wp-json\/wp\/v2\/users\/12"}],"replies":[{"embeddable":true,"href":"https:\/\/www.corumbaonline.com.br\/news\/wp-json\/wp\/v2\/comments?post=11712458"}],"version-history":[{"count":1,"href":"https:\/\/www.corumbaonline.com.br\/news\/wp-json\/wp\/v2\/posts\/11712458\/revisions"}],"predecessor-version":[{"id":11712459,"href":"https:\/\/www.corumbaonline.com.br\/news\/wp-json\/wp\/v2\/posts\/11712458\/revisions\/11712459"}],"wp:attachment":[{"href":"https:\/\/www.corumbaonline.com.br\/news\/wp-json\/wp\/v2\/media?parent=11712458"}],"wp:term":[{"taxonomy":"category","embeddable":true,"href":"https:\/\/www.corumbaonline.com.br\/news\/wp-json\/wp\/v2\/categories?post=11712458"},{"taxonomy":"post_tag","embeddable":true,"href":"https:\/\/www.corumbaonline.com.br\/news\/wp-json\/wp\/v2\/tags?post=11712458"}],"curies":[{"name":"wp","href":"https:\/\/api.w.org\/{rel}","templated":true}]}}