{"id":11712465,"date":"2021-02-18T10:54:00","date_gmt":"2021-02-18T14:54:00","guid":{"rendered":"http:\/\/www.corumbaonline.com.br\/news\/?p=11712465"},"modified":"2021-02-18T11:30:32","modified_gmt":"2021-02-18T15:30:32","slug":"recuperacao-do-pavimento-do-guatos-e-regiao-de-entorno-e-solicitada-na-camara","status":"publish","type":"post","link":"https:\/\/www.corumbaonline.com.br\/news\/recuperacao-do-pavimento-do-guatos-e-regiao-de-entorno-e-solicitada-na-camara\/","title":{"rendered":"Recupera\u00e7\u00e3o do pavimento do Guat\u00f3s e regi\u00e3o de entorno \u00e9 solicitada na C\u00e2mara"},"content":{"rendered":"<p>A consolida\u00e7\u00e3o do projeto de requalifica\u00e7\u00e3o das vias urbanas de Corumb\u00e1, atendendo o Bairro Guat\u00f3s e regi\u00e3o de entorno, foi solicitada durante sess\u00e3o da C\u00e2mara Municipal pelo vereador Roberto Gomes Fa\u00e7anha, presidente do Poder Legislativo corumbaense.<\/p>\n<p>A reivindica\u00e7\u00e3o foi feita na \u00faltima ter\u00e7a-feira, 16, por meio de um requerimento dirigido ao prefeito Marcelo Iunes. Fa\u00e7anha lembrou que j\u00e1 existe um projeto nesse sentido e, por isso mesmo, ele solicitou esfor\u00e7os necess\u00e1rios para sua execu\u00e7\u00e3o, em atendimento \u00e0 comunidade da parte alta de Corumb\u00e1.<\/p>\n<p>\u201cO projeto \u00e9 de extrema import\u00e2ncia e precisa ser executado para melhorar as condi\u00e7\u00f5es de tr\u00e1fego naquela regi\u00e3o\u201d, observou. Destacou ainda que \u00e9 necess\u00e1rio recuperar as ruas e alamedas n\u00e3o s\u00f3 do Guat\u00f3s, mas tamb\u00e9m das vias urbanas localizadas no entorno, que se encontram em situa\u00e7\u00f5es prec\u00e1rias de tr\u00e1fego.<\/p>\n<p>Lembrou que com as chuvas, a situa\u00e7\u00e3o piorou demasiadamente, causando preju\u00edzos aos condutores de ve\u00edculos, bem como aos moradores da parte alta da cidade. \u201cA recupera\u00e7\u00e3o do pavimento se faz necess\u00e1ria para, inclusive, minimizar riscos de acidentes de tr\u00e2nsito que colocam em risco n\u00e3o s\u00f3 os condutores de ve\u00edculos, mas tamb\u00e9m os moradores da regi\u00e3o\u201d, acentuou.<\/p>\n","protected":false},"excerpt":{"rendered":"<p>A consolida\u00e7\u00e3o do projeto de requalifica\u00e7\u00e3o das vias urbanas de Corumb\u00e1, atendendo o Bairro Guat\u00f3s&#8230;<\/p>\n","protected":false},"author":63,"featured_media":11712466,"comment_status":"closed","ping_status":"closed","sticky":false,"template":"","format":"standard","meta":{"footnotes":""},"categories":[19],"tags":[],"class_list":["post-11712465","post","type-post","status-publish","format-standard","has-post-thumbnail","hentry","category-politica"],"_links":{"self":[{"href":"https:\/\/www.corumbaonline.com.br\/news\/wp-json\/wp\/v2\/posts\/11712465","targetHints":{"allow":["GET"]}}],"collection":[{"href":"https:\/\/www.corumbaonline.com.br\/news\/wp-json\/wp\/v2\/posts"}],"about":[{"href":"https:\/\/www.corumbaonline.com.br\/news\/wp-json\/wp\/v2\/types\/post"}],"author":[{"embeddable":true,"href":"https:\/\/www.corumbaonline.com.br\/news\/wp-json\/wp\/v2\/users\/63"}],"replies":[{"embeddable":true,"href":"https:\/\/www.corumbaonline.com.br\/news\/wp-json\/wp\/v2\/comments?post=11712465"}],"version-history":[{"count":1,"href":"https:\/\/www.corumbaonline.com.br\/news\/wp-json\/wp\/v2\/posts\/11712465\/revisions"}],"predecessor-version":[{"id":11712467,"href":"https:\/\/www.corumbaonline.com.br\/news\/wp-json\/wp\/v2\/posts\/11712465\/revisions\/11712467"}],"wp:featuredmedia":[{"embeddable":true,"href":"https:\/\/www.corumbaonline.com.br\/news\/wp-json\/wp\/v2\/media\/11712466"}],"wp:attachment":[{"href":"https:\/\/www.corumbaonline.com.br\/news\/wp-json\/wp\/v2\/media?parent=11712465"}],"wp:term":[{"taxonomy":"category","embeddable":true,"href":"https:\/\/www.corumbaonline.com.br\/news\/wp-json\/wp\/v2\/categories?post=11712465"},{"taxonomy":"post_tag","embeddable":true,"href":"https:\/\/www.corumbaonline.com.br\/news\/wp-json\/wp\/v2\/tags?post=11712465"}],"curies":[{"name":"wp","href":"https:\/\/api.w.org\/{rel}","templated":true}]}}