{"id":11712470,"date":"2021-02-18T11:12:00","date_gmt":"2021-02-18T15:12:00","guid":{"rendered":"http:\/\/www.corumbaonline.com.br\/news\/?p=11712470"},"modified":"2021-02-18T11:47:45","modified_gmt":"2021-02-18T15:47:45","slug":"internacoes-por-covid-19-nas-utis-em-ms-sobem-108-em-apenas-um-dia","status":"publish","type":"post","link":"https:\/\/www.corumbaonline.com.br\/news\/internacoes-por-covid-19-nas-utis-em-ms-sobem-108-em-apenas-um-dia\/","title":{"rendered":"Interna\u00e7\u00f5es por Covid-19 nas UTI\u2019s em MS sobem 10,8% em apenas um dia"},"content":{"rendered":"<p style=\"box-sizing: border-box; margin-bottom: 2em; font-size: 16px; line-height: 1.8em; text-align: justify; color: #212529; font-family: 'Open Sans', sans-serif;\">Em Mato Grosso do Sul, entre os dias 17 e 18 de fevereiro, foi registrado um avan\u00e7o no n\u00famero de interna\u00e7\u00f5es por complica\u00e7\u00f5es do coronav\u00edrus. No total, hoje, 509 pessoas est\u00e3o hospitalizadas no Estado, 2,4% a mais que no dia anterior, com doze novas interna\u00e7\u00f5es.<\/p>\n<p style=\"box-sizing: border-box; margin-top: 0px; margin-bottom: 2em; font-size: 16px; line-height: 1.8em; text-align: justify; color: #212529; font-family: 'Open Sans', sans-serif;\">Dados do Boletim Epidemiol\u00f3gico da Secretaria de Estado de Sa\u00fade (SES) revelam um aumento significativo, de 10,8%, na ocupa\u00e7\u00e3o de leitos de UTI, somando 247 interna\u00e7\u00f5es, sendo que deste total 187 est\u00e3o em leitos p\u00fablicos (aumento de 11 casos) e 60 na rede privada, com eleva\u00e7\u00e3o de 27,7%.<\/p>\n<p style=\"box-sizing: border-box; margin-top: 0px; margin-bottom: 2em; font-size: 16px; line-height: 1.8em; text-align: justify; color: #212529; font-family: 'Open Sans', sans-serif;\">Os leitos cl\u00ednicos tiveram uma diminui\u00e7\u00e3o de 12 interna\u00e7\u00f5es, com total 262 hospitalizados, sendo 180 do SUS e 82 da rede privada, com queda de 16,3% em rela\u00e7\u00e3o ao dia anterior.<\/p>\n<p style=\"box-sizing: border-box; margin-top: 0px; margin-bottom: 2em; font-size: 16px; line-height: 1.8em; text-align: justify; color: #212529; font-family: 'Open Sans', sans-serif;\">Por macrorregi\u00e3o, a situa\u00e7\u00e3o continua mais grave em Dourados, com ocupa\u00e7\u00e3o de 84% nos leitos UTI\/SUS; em Campo Grande, a ocupa\u00e7\u00e3o \u00e9 de 77%; em Corumb\u00e1, de 70% e em Tr\u00eas Lagoas, de 54%.<\/p>\n<p style=\"box-sizing: border-box; margin-top: 0px; margin-bottom: 2em; font-size: 16px; line-height: 1.8em; text-align: justify; color: #212529; font-family: 'Open Sans', sans-serif;\">De acordo com a SES, o Estado registra 173.235 casos confirmados da doen\u00e7a, com registro de 833 exames positivos em apenas 24 horas. Do total, 162.334 sul-mato-grossenses se recuperaram da doen\u00e7a, enquanto 7.214 est\u00e3o em isolamento domiciliar.<\/p>\n<p style=\"box-sizing: border-box; margin-top: 0px; margin-bottom: 2em; font-size: 16px; line-height: 1.8em; text-align: justify; color: #212529; font-family: 'Open Sans', sans-serif;\">Do in\u00edcio da pandemia at\u00e9 agora, 3.178 \u00f3bitos foram registrados, sendo 12 mortes em um dia e 235 ao longo deste m\u00eas de fevereiro.<\/p>\n<figure id=\"attachment_342180\" class=\"wp-caption alignleft\" style=\"box-sizing: border-box; max-width: 96%; height: auto; margin-top: 5px; margin-right: 20px; margin-bottom: 20px; background-image: initial; background-position: initial; background-size: initial; background-repeat: initial; background-attachment: initial; background-origin: initial; background-clip: initial; border: 1px solid #f0f0f0; padding: 15px 3px 10px; text-align: center; color: #212529; font-family: 'Open Sans', sans-serif; width: 722px;\"><img loading=\"lazy\" decoding=\"async\" class=\"wp-image-342180 size-full\" style=\"box-sizing: border-box; vertical-align: middle; border-width: 0px; max-width: 98.5%; margin: 0px; padding: 0px; width: auto;\" src=\"http:\/\/www.ms.gov.br\/wp-content\/uploads\/sites\/150\/2021\/02\/boletim-18-fev-21.jpg\" sizes=\"auto, (max-width: 722px) 100vw, 722px\" srcset=\"http:\/\/www.ms.gov.br\/wp-content\/uploads\/sites\/150\/2021\/02\/boletim-18-fev-21.jpg 722w, http:\/\/www.ms.gov.br\/wp-content\/uploads\/sites\/150\/2021\/02\/boletim-18-fev-21-300x229.jpg 300w, http:\/\/www.ms.gov.br\/wp-content\/uploads\/sites\/150\/2021\/02\/boletim-18-fev-21-314x240.jpg 314w\" alt=\"\" width=\"722\" height=\"551\" \/><figcaption class=\"wp-caption-text\" style=\"box-sizing: border-box;\">Clique\u00a0<a style=\"box-sizing: border-box; color: #444444; text-decoration-line: none; background-color: transparent;\" href=\"http:\/\/www.ms.gov.br\/wp-content\/uploads\/sites\/150\/2021\/02\/boletim-18-fev-21.jpg\">aqui<\/a>\u00a0e acesse o relat\u00f3rio na \u00edntegra.<\/figcaption><\/figure>\n","protected":false},"excerpt":{"rendered":"<p>Em Mato Grosso do Sul, entre os dias 17 e 18 de fevereiro, foi registrado&#8230;<\/p>\n","protected":false},"author":13,"featured_media":11712181,"comment_status":"closed","ping_status":"closed","sticky":false,"template":"","format":"standard","meta":{"footnotes":""},"categories":[116,8,21],"tags":[],"class_list":["post-11712470","post","type-post","status-publish","format-standard","has-post-thumbnail","hentry","category-coronavirus","category-destaque","category-saude"],"_links":{"self":[{"href":"https:\/\/www.corumbaonline.com.br\/news\/wp-json\/wp\/v2\/posts\/11712470","targetHints":{"allow":["GET"]}}],"collection":[{"href":"https:\/\/www.corumbaonline.com.br\/news\/wp-json\/wp\/v2\/posts"}],"about":[{"href":"https:\/\/www.corumbaonline.com.br\/news\/wp-json\/wp\/v2\/types\/post"}],"author":[{"embeddable":true,"href":"https:\/\/www.corumbaonline.com.br\/news\/wp-json\/wp\/v2\/users\/13"}],"replies":[{"embeddable":true,"href":"https:\/\/www.corumbaonline.com.br\/news\/wp-json\/wp\/v2\/comments?post=11712470"}],"version-history":[{"count":1,"href":"https:\/\/www.corumbaonline.com.br\/news\/wp-json\/wp\/v2\/posts\/11712470\/revisions"}],"predecessor-version":[{"id":11712471,"href":"https:\/\/www.corumbaonline.com.br\/news\/wp-json\/wp\/v2\/posts\/11712470\/revisions\/11712471"}],"wp:featuredmedia":[{"embeddable":true,"href":"https:\/\/www.corumbaonline.com.br\/news\/wp-json\/wp\/v2\/media\/11712181"}],"wp:attachment":[{"href":"https:\/\/www.corumbaonline.com.br\/news\/wp-json\/wp\/v2\/media?parent=11712470"}],"wp:term":[{"taxonomy":"category","embeddable":true,"href":"https:\/\/www.corumbaonline.com.br\/news\/wp-json\/wp\/v2\/categories?post=11712470"},{"taxonomy":"post_tag","embeddable":true,"href":"https:\/\/www.corumbaonline.com.br\/news\/wp-json\/wp\/v2\/tags?post=11712470"}],"curies":[{"name":"wp","href":"https:\/\/api.w.org\/{rel}","templated":true}]}}