{"id":11712472,"date":"2021-02-18T11:27:00","date_gmt":"2021-02-18T15:27:00","guid":{"rendered":"http:\/\/www.corumbaonline.com.br\/news\/?p=11712472"},"modified":"2021-02-18T11:57:59","modified_gmt":"2021-02-18T15:57:59","slug":"prefeitura-se-prepara-para-retomada-do-eco-pantanal-extremo-em-2021","status":"publish","type":"post","link":"https:\/\/www.corumbaonline.com.br\/news\/prefeitura-se-prepara-para-retomada-do-eco-pantanal-extremo-em-2021\/","title":{"rendered":"Prefeitura se prepara para retomada do Eco Pantanal Extremo em 2021"},"content":{"rendered":"<p>Com a vacina\u00e7\u00e3o contra a Covid-19 chegando aos grupos priorit\u00e1rios, a Prefeitura de Corumb\u00e1 se prepara para retomar a agenda esportiva realizada na regi\u00e3o. Nesta quinta-feira, 18 de fevereiro, o diretor-presidente da Funda\u00e7\u00e3o de Esportes de Corumb\u00e1 (FUNEC), Heliney Miranda J\u00fanior, se reuniu com o diretor-presidente da Funda\u00e7\u00e3o de Desporto e Lazer de Mato Grosso do Sul (Fundesporte), Marcelo Ferreira Miranda.<\/p>\n<p>\u201cFoi um encontro muito positivo. Tratamos da parceria entre Munic\u00edpio e o Governo do Estado, entre as duas Funda\u00e7\u00f5es, na implanta\u00e7\u00e3o de novos Programa e na manuten\u00e7\u00e3o de alguns projetos importantes que j\u00e1 existem para a realiza\u00e7\u00e3o de cursos, semin\u00e1rios e a participa\u00e7\u00e3o de Corumb\u00e1 nos eventos estaduais e nacionais\u201d, afirmou Miranda.<\/p>\n<p>\u201cEssa reuni\u00e3o tamb\u00e9m foi importante para iniciarmos os trabalhos para a realiza\u00e7\u00e3o do Eco Pantanal Extremo agora em 2021, seguindo a orienta\u00e7\u00e3o do prefeito Marcelo Iunes. Ent\u00e3o, essa foi uma das pautas que n\u00f3s tratamos nesta reuni\u00e3o e que foi muito positiva. Acredito que teremos muitos bons resultados para os atletas amadores e profissionais de Corumb\u00e1\u201d, completou o diretor-presidente da FUNEC.<\/p>\n<p>Heliney Miranda observou que a retomada do calend\u00e1rio esportivo, principalmente o amador, ainda depende da imuniza\u00e7\u00e3o de uma grande parcela da popula\u00e7\u00e3o contra a Covid-19. A Prefeitura de Corumb\u00e1, assim como o Governo do Estado, seguem tomando medidas para evitar aglomera\u00e7\u00f5es e diminuir o cont\u00e1gio pelo novo Coronav\u00edrus.<\/p>\n<p>\u201cQuero aqui reiterar esse compromisso que o Governo do Estado tem com a cidade. Corumb\u00e1 tem uma tradi\u00e7\u00e3o esportiva muito forte, a gente sabe que o corumbaense \u00e9 apaixonado por esporte e o Governo do Estado n\u00e3o vai faltar em rela\u00e7\u00e3o ao apoio, principalmente nestas propostas t\u00e3o interessantes trazidas aqui pela FUNEC\u201d, afirmou Marcelo Miranda.<\/p>\n<div id=\"gallery-1\" class=\"gallery galleryid-109869 gallery-columns-2 gallery-size-large\">\n<figure class=\"gallery-item\">\n<div class=\"gallery-icon landscape\"><a role=\"link\" href=\"https:\/\/www.corumba.ms.gov.br\/2021\/02\/prefeitura-se-prepara-para-retomada-do-eco-pantanal-extremo\/c8f50706-5331-4295-9aaa-1c0504982006\/\"><img loading=\"lazy\" decoding=\"async\" class=\"attachment-large size-large\" src=\"https:\/\/www.corumba.ms.gov.br\/wp-content\/uploads\/2021\/02\/c8f50706-5331-4295-9aaa-1c0504982006-1024x768.jpg\" sizes=\"auto, (max-width: 1024px) 100vw, 1024px\" srcset=\"https:\/\/www.corumba.ms.gov.br\/wp-content\/uploads\/2021\/02\/c8f50706-5331-4295-9aaa-1c0504982006-1024x768.jpg 1024w, https:\/\/www.corumba.ms.gov.br\/wp-content\/uploads\/2021\/02\/c8f50706-5331-4295-9aaa-1c0504982006-300x225.jpg 300w, https:\/\/www.corumba.ms.gov.br\/wp-content\/uploads\/2021\/02\/c8f50706-5331-4295-9aaa-1c0504982006-768x576.jpg 768w, https:\/\/www.corumba.ms.gov.br\/wp-content\/uploads\/2021\/02\/c8f50706-5331-4295-9aaa-1c0504982006.jpg 1200w\" alt=\"\" width=\"1024\" height=\"768\" aria-describedby=\"gallery-1-109871\" \/><\/a><\/div><figcaption id=\"gallery-1-109871\" class=\"wp-caption-text gallery-caption\">Divulga\u00e7\u00e3o: FUNEC<\/figcaption><\/figure>\n<figure class=\"gallery-item\">\n<div class=\"gallery-icon landscape\"><a role=\"link\" href=\"https:\/\/www.corumba.ms.gov.br\/2021\/02\/prefeitura-se-prepara-para-retomada-do-eco-pantanal-extremo\/e49ff5ad-684f-4349-a5bd-95e78ada883c\/\"><img loading=\"lazy\" decoding=\"async\" class=\"attachment-large size-large\" src=\"https:\/\/www.corumba.ms.gov.br\/wp-content\/uploads\/2021\/02\/e49ff5ad-684f-4349-a5bd-95e78ada883c-1024x768.jpg\" sizes=\"auto, (max-width: 1024px) 100vw, 1024px\" srcset=\"https:\/\/www.corumba.ms.gov.br\/wp-content\/uploads\/2021\/02\/e49ff5ad-684f-4349-a5bd-95e78ada883c-1024x768.jpg 1024w, https:\/\/www.corumba.ms.gov.br\/wp-content\/uploads\/2021\/02\/e49ff5ad-684f-4349-a5bd-95e78ada883c-300x225.jpg 300w, https:\/\/www.corumba.ms.gov.br\/wp-content\/uploads\/2021\/02\/e49ff5ad-684f-4349-a5bd-95e78ada883c-768x576.jpg 768w, https:\/\/www.corumba.ms.gov.br\/wp-content\/uploads\/2021\/02\/e49ff5ad-684f-4349-a5bd-95e78ada883c.jpg 1200w\" alt=\"\" width=\"1024\" height=\"768\" aria-describedby=\"gallery-1-109872\" \/><\/a><\/div><figcaption id=\"gallery-1-109872\" class=\"wp-caption-text gallery-caption\">Divulga\u00e7\u00e3o: FUNEC<\/figcaption><\/figure>\n<\/div>\n","protected":false},"excerpt":{"rendered":"<p>Com a vacina\u00e7\u00e3o contra a Covid-19 chegando aos grupos priorit\u00e1rios, a Prefeitura de Corumb\u00e1 se&#8230;<\/p>\n","protected":false},"author":70,"featured_media":11712473,"comment_status":"closed","ping_status":"closed","sticky":false,"template":"","format":"standard","meta":{"footnotes":""},"categories":[8,11],"tags":[],"class_list":["post-11712472","post","type-post","status-publish","format-standard","has-post-thumbnail","hentry","category-destaque","category-esporte"],"_links":{"self":[{"href":"https:\/\/www.corumbaonline.com.br\/news\/wp-json\/wp\/v2\/posts\/11712472","targetHints":{"allow":["GET"]}}],"collection":[{"href":"https:\/\/www.corumbaonline.com.br\/news\/wp-json\/wp\/v2\/posts"}],"about":[{"href":"https:\/\/www.corumbaonline.com.br\/news\/wp-json\/wp\/v2\/types\/post"}],"author":[{"embeddable":true,"href":"https:\/\/www.corumbaonline.com.br\/news\/wp-json\/wp\/v2\/users\/70"}],"replies":[{"embeddable":true,"href":"https:\/\/www.corumbaonline.com.br\/news\/wp-json\/wp\/v2\/comments?post=11712472"}],"version-history":[{"count":1,"href":"https:\/\/www.corumbaonline.com.br\/news\/wp-json\/wp\/v2\/posts\/11712472\/revisions"}],"predecessor-version":[{"id":11712474,"href":"https:\/\/www.corumbaonline.com.br\/news\/wp-json\/wp\/v2\/posts\/11712472\/revisions\/11712474"}],"wp:featuredmedia":[{"embeddable":true,"href":"https:\/\/www.corumbaonline.com.br\/news\/wp-json\/wp\/v2\/media\/11712473"}],"wp:attachment":[{"href":"https:\/\/www.corumbaonline.com.br\/news\/wp-json\/wp\/v2\/media?parent=11712472"}],"wp:term":[{"taxonomy":"category","embeddable":true,"href":"https:\/\/www.corumbaonline.com.br\/news\/wp-json\/wp\/v2\/categories?post=11712472"},{"taxonomy":"post_tag","embeddable":true,"href":"https:\/\/www.corumbaonline.com.br\/news\/wp-json\/wp\/v2\/tags?post=11712472"}],"curies":[{"name":"wp","href":"https:\/\/api.w.org\/{rel}","templated":true}]}}