{"id":11712477,"date":"2021-02-18T16:00:00","date_gmt":"2021-02-18T20:00:00","guid":{"rendered":"http:\/\/www.corumbaonline.com.br\/news\/?p=11712477"},"modified":"2021-02-18T16:15:56","modified_gmt":"2021-02-18T20:15:56","slug":"projeto-de-lei-que-institui-o-castramovel-e-apresentado-na-camara-de-corumba","status":"publish","type":"post","link":"https:\/\/www.corumbaonline.com.br\/news\/projeto-de-lei-que-institui-o-castramovel-e-apresentado-na-camara-de-corumba\/","title":{"rendered":"Projeto de Lei que institui o \u2018Castram\u00f3vel\u2019 \u00e9 apresentado na C\u00e2mara de Corumb\u00e1"},"content":{"rendered":"<p>Um Projeto de Lei que institui o \u201cCastram\u00f3vel\u201d, ve\u00edculo tipo \u00f4nibus, especialmente adaptado para a finalidade de presta\u00e7\u00e3o de servi\u00e7os de castra\u00e7\u00e3o de animais dom\u00e9sticos, caninos e felinos, foi apresentado na \u00faltima sess\u00e3o da C\u00e2mara Municipal de Corumb\u00e1, de autoria dos vereadores Yussef Salla e Chic\u00e3o Vianna.<\/p>\n<p>A iniciativa visa permitir controle reprodutivo de c\u00e3es e gatos, com a utiliza\u00e7\u00e3o de uma unidade m\u00f3vel para a castra\u00e7\u00e3o e esteriliza\u00e7\u00e3o dos animais, al\u00e9m de educa\u00e7\u00e3o em sa\u00fade \u00e0s fam\u00edlias mais carentes sobre o trato com os animais.<\/p>\n<p>Pelo Projeto de Lei, o \u2018Castram\u00f3vel\u2019 contar\u00e1 com duas mesas de cirurgia, foco cir\u00fargico, aparelho de anestesia inalat\u00f3ria, balan\u00e7a para pesagem dos animais e outros materiais cir\u00fargicos e equipamentos que se fizerem indispens\u00e1veis \u00e0 viabilidade do projeto.<\/p>\n<p>Prev\u00ea uma equipe com dois m\u00e9dicos veterin\u00e1rios cirurgi\u00f5es, um m\u00e9dico veterin\u00e1rio anestesista, dois auxiliares de servi\u00e7os veterin\u00e1rios, dois motoristas, um agente administrativo, um auxiliar de servi\u00e7os gerais, um palestrante e tantos outros profissionais que se fizerem necess\u00e1rios para atingir a meta do projeto que, al\u00e9m de reduzir a popula\u00e7\u00e3o canina e felina pelas ruas da cidade, ter\u00e1 tamb\u00e9m a incumb\u00eancia de sensibilizar a popula\u00e7\u00e3o sobre a guarda respons\u00e1vel, zoonoses e sa\u00fade p\u00fablica, por meio de palestras.<\/p>\n","protected":false},"excerpt":{"rendered":"<p>Um Projeto de Lei que institui o \u201cCastram\u00f3vel\u201d, ve\u00edculo tipo \u00f4nibus, especialmente adaptado para a&#8230;<\/p>\n","protected":false},"author":63,"featured_media":11712478,"comment_status":"closed","ping_status":"closed","sticky":false,"template":"","format":"standard","meta":{"footnotes":""},"categories":[19],"tags":[],"class_list":["post-11712477","post","type-post","status-publish","format-standard","has-post-thumbnail","hentry","category-politica"],"_links":{"self":[{"href":"https:\/\/www.corumbaonline.com.br\/news\/wp-json\/wp\/v2\/posts\/11712477","targetHints":{"allow":["GET"]}}],"collection":[{"href":"https:\/\/www.corumbaonline.com.br\/news\/wp-json\/wp\/v2\/posts"}],"about":[{"href":"https:\/\/www.corumbaonline.com.br\/news\/wp-json\/wp\/v2\/types\/post"}],"author":[{"embeddable":true,"href":"https:\/\/www.corumbaonline.com.br\/news\/wp-json\/wp\/v2\/users\/63"}],"replies":[{"embeddable":true,"href":"https:\/\/www.corumbaonline.com.br\/news\/wp-json\/wp\/v2\/comments?post=11712477"}],"version-history":[{"count":1,"href":"https:\/\/www.corumbaonline.com.br\/news\/wp-json\/wp\/v2\/posts\/11712477\/revisions"}],"predecessor-version":[{"id":11712479,"href":"https:\/\/www.corumbaonline.com.br\/news\/wp-json\/wp\/v2\/posts\/11712477\/revisions\/11712479"}],"wp:featuredmedia":[{"embeddable":true,"href":"https:\/\/www.corumbaonline.com.br\/news\/wp-json\/wp\/v2\/media\/11712478"}],"wp:attachment":[{"href":"https:\/\/www.corumbaonline.com.br\/news\/wp-json\/wp\/v2\/media?parent=11712477"}],"wp:term":[{"taxonomy":"category","embeddable":true,"href":"https:\/\/www.corumbaonline.com.br\/news\/wp-json\/wp\/v2\/categories?post=11712477"},{"taxonomy":"post_tag","embeddable":true,"href":"https:\/\/www.corumbaonline.com.br\/news\/wp-json\/wp\/v2\/tags?post=11712477"}],"curies":[{"name":"wp","href":"https:\/\/api.w.org\/{rel}","templated":true}]}}