{"id":11712491,"date":"2021-02-19T08:14:00","date_gmt":"2021-02-19T12:14:00","guid":{"rendered":"http:\/\/www.corumbaonline.com.br\/news\/?p=11712491"},"modified":"2021-02-19T08:58:55","modified_gmt":"2021-02-19T12:58:55","slug":"vereador-pleiteia-retorno-do-dof-para-maior-seguranca-da-regiao","status":"publish","type":"post","link":"https:\/\/www.corumbaonline.com.br\/news\/vereador-pleiteia-retorno-do-dof-para-maior-seguranca-da-regiao\/","title":{"rendered":"Vereador pleiteia retorno do DOF para maior seguran\u00e7a da regi\u00e3o"},"content":{"rendered":"<p>A crescente incid\u00eancia de atos criminosos na regi\u00e3o de Corumb\u00e1, levou o vereador Alexandre Vasconcellos a solicitar o retorno do Departamento de Opera\u00e7\u00f5es de Fronteira (DOF), como forma de conter as a\u00e7\u00f5es de marginais e garantir maior seguran\u00e7a \u00e0 popula\u00e7\u00e3o pantaneira.<\/p>\n<p>O assunto foi levantado na sess\u00e3o de ter\u00e7a-feira, 16, da C\u00e2mara. Na oportunidade, o vereador apresentou um requerimento endere\u00e7ado ao secret\u00e1rio de Estado de Justi\u00e7a e Seguran\u00e7a P\u00fablica, Ant\u00f4nio Carlos Videira, reivindicando a vota do DOF.<\/p>\n<p>\u201cCorumb\u00e1 faz fronteira com a Bol\u00edvia e, nos \u00faltimos meses, ocorreu um aumento de a\u00e7\u00f5es criminosas, inclusive o conhecido golpe do seguro de ve\u00edculos, utilizando Corumb\u00e1 como rota para atravessar a fronteira com a Bol\u00edvia, isso sem contar outros tipos de crimes\u201d, observou.<\/p>\n<p>\u201cHoje j\u00e1 contamos com um equipamento importante que \u00e9 a esta\u00e7\u00e3o de radares para controle do espa\u00e7o a\u00e9reo, mas precisamos refor\u00e7ar o sistema e a presen\u00e7a do DOF na cidade vai refor\u00e7ar a seguran\u00e7a, inibindo as a\u00e7\u00f5es de marginais via terrestre e tamb\u00e9m pela hidrovia, reduzindo a criminalidade, e permitindo maior seguran\u00e7a aos pantaneiros\u201d, concluiu.<\/p>\n<p>Energia<\/p>\n<p>Por outro lado, o vereador corumbaense requereu envio de expediente ao diretor da Energisa (Companhia de Energia El\u00e9trica), Marcelo Vinhares Monteiro, solicitando informa\u00e7\u00f5es de projetos sobre efici\u00eancia energ\u00e9tica que possam ser implantados na cidade de Corumb\u00e1 em creches, escolas, entre outros.<\/p>\n<p>O pedido se faz necess\u00e1rio justamente para reduzir os custos da conta de energia, al\u00e9m de garantir um consumo respons\u00e1vel e contribuir com a sustentabilidade.<\/p>\n","protected":false},"excerpt":{"rendered":"<p>A crescente incid\u00eancia de atos criminosos na regi\u00e3o de Corumb\u00e1, levou o vereador Alexandre Vasconcellos&#8230;<\/p>\n","protected":false},"author":63,"featured_media":0,"comment_status":"closed","ping_status":"closed","sticky":false,"template":"","format":"standard","meta":{"footnotes":""},"categories":[19],"tags":[],"class_list":["post-11712491","post","type-post","status-publish","format-standard","hentry","category-politica"],"_links":{"self":[{"href":"https:\/\/www.corumbaonline.com.br\/news\/wp-json\/wp\/v2\/posts\/11712491","targetHints":{"allow":["GET"]}}],"collection":[{"href":"https:\/\/www.corumbaonline.com.br\/news\/wp-json\/wp\/v2\/posts"}],"about":[{"href":"https:\/\/www.corumbaonline.com.br\/news\/wp-json\/wp\/v2\/types\/post"}],"author":[{"embeddable":true,"href":"https:\/\/www.corumbaonline.com.br\/news\/wp-json\/wp\/v2\/users\/63"}],"replies":[{"embeddable":true,"href":"https:\/\/www.corumbaonline.com.br\/news\/wp-json\/wp\/v2\/comments?post=11712491"}],"version-history":[{"count":1,"href":"https:\/\/www.corumbaonline.com.br\/news\/wp-json\/wp\/v2\/posts\/11712491\/revisions"}],"predecessor-version":[{"id":11712492,"href":"https:\/\/www.corumbaonline.com.br\/news\/wp-json\/wp\/v2\/posts\/11712491\/revisions\/11712492"}],"wp:attachment":[{"href":"https:\/\/www.corumbaonline.com.br\/news\/wp-json\/wp\/v2\/media?parent=11712491"}],"wp:term":[{"taxonomy":"category","embeddable":true,"href":"https:\/\/www.corumbaonline.com.br\/news\/wp-json\/wp\/v2\/categories?post=11712491"},{"taxonomy":"post_tag","embeddable":true,"href":"https:\/\/www.corumbaonline.com.br\/news\/wp-json\/wp\/v2\/tags?post=11712491"}],"curies":[{"name":"wp","href":"https:\/\/api.w.org\/{rel}","templated":true}]}}